{"id":178928,"date":"2021-03-04T16:54:04","date_gmt":"2021-03-04T19:54:04","guid":{"rendered":"https:\/\/diarioregionaldigital.com.br\/?p=178928"},"modified":"2021-03-04T16:54:04","modified_gmt":"2021-03-04T19:54:04","slug":"governo-cria-onda-roxa-no-minas-consciente-e-decreta-fechamento-em-duas-regioes-do-estado","status":"publish","type":"post","link":"https:\/\/diarioregionaldigital.com.br\/?p=178928","title":{"rendered":"Governo cria onda roxa no Minas Consciente e decreta fechamento em duas regi\u00f5es do estado"},"content":{"rendered":"<p>Para conter a evolu\u00e7\u00e3o da pandemia e reestabelecer com velocidade a capacidade de assist\u00eancia m\u00e9dica das macrorregi\u00f5es\u00a0<a href=\"http:\/\/www.agenciaminas.mg.gov.br\/ckeditor_assets\/attachments\/9538\/07_-_regional_noroeste.pdf\" target=\"_blank\" rel=\"noopener\">Noroeste<\/a>\u00a0e\u00a0<a href=\"http:\/\/www.agenciaminas.mg.gov.br\/ckeditor_assets\/attachments\/8147\/12_-_regional_triangulo_norte.pdf\" target=\"_blank\" rel=\"noopener\">Tri\u00e2ngulo do Norte<\/a>, preservando a rede hospitar em todo o estado,\u00a0 o\u00a0<a href=\"http:\/\/www.mg.gov.br\/\" target=\"_blank\" rel=\"noopener\">Governo de Minas<\/a>\u00a0decretou o fechamento dessas duas macrorregi\u00f5es de Sa\u00fade. A determina\u00e7\u00e3o foi aprovada nesta quarta-feira (3\/3) pelo Comit\u00ea Extraordin\u00e1rio Covid-19, grupo que se re\u00fane semanalmente para avaliar os indicadores da doen\u00e7a no estado.<\/p>\n<p>As 60 cidades que comp\u00f5em as duas macrorregi\u00f5es passar\u00e3o para a onda roxa do\u00a0<a href=\"http:\/\/www.mg.gov.br\/minasconsciente\" target=\"_blank\" rel=\"noopener\">Minas Consciente<\/a>, faixa criada para contemplar as medidas mais severas de restri\u00e7\u00e3o, como toque de recolher das 20h \u00e0s 5h e aos finais de semana. As normas passam a valer nesta quinta-feira (4\/3), ap\u00f3s a publica\u00e7\u00e3o no\u00a0<a href=\"http:\/\/www.jornalminasgerais.mg.gov.br\/\" target=\"_blank\" rel=\"noopener\">Di\u00e1rio Oficial<\/a>.<\/p>\n<p>Outras tr\u00eas regi\u00f5es mineiras \u2013\u00a0<a href=\"http:\/\/www.agenciaminas.mg.gov.br\/ckeditor_assets\/attachments\/8143\/08_-_regional_norte.pdf\" target=\"_blank\" rel=\"noopener\">Norte<\/a>,\u00a0<a href=\"http:\/\/www.agenciaminas.mg.gov.br\/ckeditor_assets\/attachments\/8148\/13_-_regional_triangulo_sul.pdf\" target=\"_blank\" rel=\"noopener\">Tri\u00e2ngulo do Sul<\/a>\u00a0e\u00a0<a href=\"http:\/\/www.agenciaminas.mg.gov.br\/ckeditor_assets\/attachments\/8140\/05_-_regional_leste_do_sul.pdf\" target=\"_blank\" rel=\"noopener\">Leste do Sul<\/a>\u00a0\u2013 tamb\u00e9m est\u00e3o em estado de alerta e poder\u00e3o ser inclu\u00eddas na onda roxa, caso apresentem piora nos indicadores. Juntas, elas englobam 166 munic\u00edpios. O monitoramento para avaliar a quarentena nessas localidades \u00e9 feito diariamente.<\/p>\n<p>J\u00e1 as regi\u00f5es Sul e Vale do A\u00e7o regrediram da onda amarela para a onda vermelha do Minas Consciente. Assim, o estado possui duas regi\u00f5es em onda roxa; oito na vermelha; e quatro\u00a0na amarela.<\/p>\n<p><strong>Responsabilidade<\/strong><\/p>\n<p>O governador Romeu Zema explicou que o objetivo da onda roxa do Minas Consciente \u00e9 reduzir drasticamente a velocidade de propaga\u00e7\u00e3o do v\u00edrus e, assim, permitir que as macrorregi\u00f5es reestabele\u00e7am a sua capacidade assistencial. Como o colapso em uma regi\u00e3o gera impacto em toda a rede de atendimento do estado, devido \u00e0 necessidade de transfer\u00eancia de pacientes, a ades\u00e3o \u00e0s medidas n\u00e3o ser\u00e1 opcional.<\/p>\n<p>\u201cAntes, cabia aos prefeitos decidir se iriam aderir ao Minas Consciente. Com a onda roxa, a ades\u00e3o \u00e9 impositiva, porque estamos falando do colapso da rede de Sa\u00fade na regi\u00e3o. N\u00e3o \u00e9 um problema municipal, \u00e9 um problema regional. O munic\u00edpio que estiver na onda roxa ter\u00e1 duras restri\u00e7\u00f5es de funcionamento das atividades econ\u00f4micas e hor\u00e1rios de funcionamento. N\u00f3s estamos falando de um risco sist\u00eamico. Este momento \u00e9 de uni\u00e3o\u201d, afirmou.<\/p>\n<p>Zema tamb\u00e9m ressaltou que, at\u00e9 que o estado avance mais na vacina\u00e7\u00e3o, ser\u00e1 necess\u00e1rio lidar com medidas restritivas para evitar a desassist\u00eancia.<\/p>\n<p>\u201cN\u00e3o podemos perder o controle e deixar acontecer em Minas aquilo que vimos com tanta tristeza em outros locais, que \u00e9 essa desassist\u00eancia generalizada. Chegar em um hospital e n\u00e3o conseguir atendimento \u00e9 uma cena de horror. N\u00e3o queremos que isso aconte\u00e7a em Minas Gerais\u201d, disse.Segundo o Minist\u00e9rio da Sa\u00fade, 80 milh\u00f5es de doses de vacina est\u00e3o previstas para este bimestre para todo o pa\u00eds.<br \/>\n<u><strong>Onda roxa<\/p>\n<p><\/strong><\/u><\/p>\n<p>As regras para as cidades que estiverem na onda roxa incluem a proibi\u00e7\u00e3o de circula\u00e7\u00e3o de pessoas sem o uso de m\u00e1scara de prote\u00e7\u00e3o, em qualquer espa\u00e7o p\u00fablico ou de uso coletivo, ainda que privado; a proibi\u00e7\u00e3o de circula\u00e7\u00e3o de pessoas com sintomas gripais, exceto para a realiza\u00e7\u00e3o ou acompanhamento de consultas ou realiza\u00e7\u00e3o de exames m\u00e9dico-hospitalares; a proibi\u00e7\u00e3o de realiza\u00e7\u00e3o de reuni\u00f5es presenciais, inclusive de pessoas da mesma fam\u00edlia que n\u00e3o coabitam; al\u00e9m da realiza\u00e7\u00e3o de qualquer tipo de evento p\u00fablico ou privado que possa provocar aglomera\u00e7\u00e3o, ainda que respeitadas as regras de distanciamento social.<\/p>\n<p>Nessa fase, s\u00f3 ser\u00e1 permitido o funcionamento de servi\u00e7os essenciais e a circula\u00e7\u00e3o de pessoas fica limitada aos funcion\u00e1rios e usu\u00e1rios desses estabelecimentos. O deslocamento para qualquer outra raz\u00e3o dever\u00e1 ser justificado e a fiscaliza\u00e7\u00e3o ser\u00e1 feita com o apoio da\u00a0<a href=\"http:\/\/www.policiamilitar.mg.gov.br\/\" target=\"_blank\" rel=\"noopener\">Pol\u00edcia Militar<\/a>.<\/p>\n<p>S\u00e3o considerados servi\u00e7os essenciais:<\/p>\n<ul>\n<li>Setor de alimentos (exclu\u00eddos bares e restaurantes, que s\u00f3 podem via delivery);<\/li>\n<li>Servi\u00e7os de Sa\u00fade (atendimento, ind\u00fastrias, veterin\u00e1rias etc.);<\/li>\n<li>Bancos;<\/li>\n<li>Transporte P\u00fablico (deslocamento para atividades essenciais);<\/li>\n<li>Energia, G\u00e1s, Petr\u00f3leo, Combust\u00edveis e derivados;<\/li>\n<li>Manuten\u00e7\u00e3o de equipamentos e ve\u00edculos;<\/li>\n<li>Constru\u00e7\u00e3o civil;<\/li>\n<li>Ind\u00fastrias (apenas da cadeia de Atividades Essenciais);<\/li>\n<li>Lavanderias;<\/li>\n<li>Servi\u00e7os de TI, dados, imprensa e comunica\u00e7\u00e3o;<\/li>\n<li>Servi\u00e7os de interesse p\u00fablico (\u00e1gua, esgoto, funer\u00e1rio, correios etc.)<\/li>\n<\/ul>\n<p><strong>Taxa de ocupa\u00e7\u00e3o de leitos<\/strong><\/p>\n<p>Desde sexta-feira (26\/2), o estado apresentou relevante aumento na taxa de ocupa\u00e7\u00e3o de leitos. \u00a0As macrorregi\u00f5es Tri\u00e2ngulo do Norte e Noroeste, que passar\u00e3o para a fase roxa, est\u00e3o, ambas, com 85% de ocupa\u00e7\u00e3o dos leitos de UTI Covid. Considerando as \u00faltimas quatro semanas, o aumento no n\u00famero de interna\u00e7\u00f5es na macrorregi\u00e3o Noroeste chegou a 106%, enquanto no Tri\u00e2ngulo Norte o salto foi de 52%.<\/p>\n<p><strong>Abertura de leitos<\/strong><\/p>\n<p>O secret\u00e1rio de Estado de\u00a0<a href=\"http:\/\/www.saude.mg.gov.br\/\" target=\"_blank\" rel=\"noopener\">Sa\u00fade<\/a>, o m\u00e9dico Carlos Eduardo Amaral, afirmou que a amplia\u00e7\u00e3o das restri\u00e7\u00f5es foi necess\u00e1ria\u00a0devido ao aumento na incid\u00eancia de casos, da ocupa\u00e7\u00e3o de leitos e mortalidade nas regi\u00f5es.<\/p>\n<p>\u201cO contexto que temos hoje \u00e9 de piora do cen\u00e1rio da pandemia em todo o pa\u00eds. Todos os estados t\u00eam vivenciado aumento de casos e, em algumas regi\u00f5es de Minas, notamos\u00a0um aumento mais significativo. Estas medidas neste momento s\u00e3o extremamente importantes para que possamos preservar e reestabelecer a rede assistencial das regi\u00f5es\u201d, afirmou o secret\u00e1rio.<\/p>\n<p><strong>A\u00e7\u00f5es<\/strong><\/p>\n<p>Desde o in\u00edcio de fevereiro deste ano, no Tri\u00e2ngulo Norte, 99 pessoas foram transferidas para outras regi\u00f5es de Sa\u00fade para garantir atendimento aos doentes.<\/p>\n<p>As regi\u00f5es que receberam pacientes foram Oeste (35), Centro (28), Centro-Sul (14), Sul (10), Norte (5), Tri\u00e2ngulo do Sul (5) e Vale do A\u00e7o (2). Em rela\u00e7\u00e3o a mar\u00e7o do ano passado, quando come\u00e7ou a pandemia em Minas, o n\u00famero de leitos de UTI no Tri\u00e2ngulo do Norte passou de 136 para 301.<\/p>\n<p>Na macrorregi\u00e3o Noroeste, 34 pessoas foram transferidas para outras regi\u00f5es. As localidades que receberam os pacientes foram Oeste (18), Vale do A\u00e7o (7), Norte (6), Sul (1), Tri\u00e2ngulo do Sul (1)\u00a0e Tri\u00e2ngulo do Norte (1). J\u00e1 o n\u00famero de leitos foi ampliado de 53 para 120.<\/p>\n<p>Atualmente, est\u00e3o cadastrados no SUS F\u00e1cil, em Minas Gerais, 4.100 leitos de UTI e a taxa de ocupa\u00e7\u00e3o geral desses leitos \u00e9 de cerca de 73%. Desde o in\u00edcio da pandemia, o Governo de Minas praticamente dobrou o n\u00famero de leitos de UTI, passando de 2.072 para mais de 4 mil.<\/p>\n<p>Fonte: Ag\u00eancia Minas<\/p>\n<p>&nbsp;<\/p>\n","protected":false},"excerpt":{"rendered":"<p>Para conter a evolu\u00e7\u00e3o da pandemia e reestabelecer com velocidade a capacidade de assist\u00eancia m\u00e9dica das macrorregi\u00f5es\u00a0Noroeste\u00a0e\u00a0Tri\u00e2ngulo do Norte, preservando a rede hospitar em todo o estado,\u00a0 o\u00a0Governo de Minas\u00a0decretou o fechamento dessas duas macrorregi\u00f5es de Sa\u00fade. A determina\u00e7\u00e3o foi aprovada nesta quarta-feira (3\/3) pelo Comit\u00ea Extraordin\u00e1rio Covid-19, grupo que se re\u00fane semanalmente para avaliar [&hellip;]<\/p>\n","protected":false},"author":246,"featured_media":178929,"comment_status":"closed","ping_status":"closed","sticky":false,"template":"","format":"standard","meta":{"footnotes":""},"categories":[436,254],"tags":[],"class_list":["post-178928","post","type-post","status-publish","format-standard","has-post-thumbnail","hentry","category-destaque-da-semana","category-politica"],"_links":{"self":[{"href":"https:\/\/diarioregionaldigital.com.br\/index.php?rest_route=\/wp\/v2\/posts\/178928","targetHints":{"allow":["GET"]}}],"collection":[{"href":"https:\/\/diarioregionaldigital.com.br\/index.php?rest_route=\/wp\/v2\/posts"}],"about":[{"href":"https:\/\/diarioregionaldigital.com.br\/index.php?rest_route=\/wp\/v2\/types\/post"}],"author":[{"embeddable":true,"href":"https:\/\/diarioregionaldigital.com.br\/index.php?rest_route=\/wp\/v2\/users\/246"}],"replies":[{"embeddable":true,"href":"https:\/\/diarioregionaldigital.com.br\/index.php?rest_route=%2Fwp%2Fv2%2Fcomments&post=178928"}],"version-history":[{"count":0,"href":"https:\/\/diarioregionaldigital.com.br\/index.php?rest_route=\/wp\/v2\/posts\/178928\/revisions"}],"wp:featuredmedia":[{"embeddable":true,"href":"https:\/\/diarioregionaldigital.com.br\/index.php?rest_route=\/wp\/v2\/media\/178929"}],"wp:attachment":[{"href":"https:\/\/diarioregionaldigital.com.br\/index.php?rest_route=%2Fwp%2Fv2%2Fmedia&parent=178928"}],"wp:term":[{"taxonomy":"category","embeddable":true,"href":"https:\/\/diarioregionaldigital.com.br\/index.php?rest_route=%2Fwp%2Fv2%2Fcategories&post=178928"},{"taxonomy":"post_tag","embeddable":true,"href":"https:\/\/diarioregionaldigital.com.br\/index.php?rest_route=%2Fwp%2Fv2%2Ftags&post=178928"}],"curies":[{"name":"wp","href":"https:\/\/api.w.org\/{rel}","templated":true}]}}