{"id":178925,"date":"2021-03-04T16:46:09","date_gmt":"2021-03-04T19:46:09","guid":{"rendered":"https:\/\/diarioregionaldigital.com.br\/?p=178925"},"modified":"2021-03-04T16:46:09","modified_gmt":"2021-03-04T19:46:09","slug":"comissao-se-reune-com-prefeita-em-busca-de-solucoes-para-retomada-segura-de-atividades-e-preservacao-de-empregos","status":"publish","type":"post","link":"https:\/\/diarioregionaldigital.com.br\/?p=178925","title":{"rendered":"Comiss\u00e3o se re\u00fane com prefeita em busca de solu\u00e7\u00f5es para retomada segura de atividades e preserva\u00e7\u00e3o de empregos"},"content":{"rendered":"<p>Os vereadores Sargento Mello Casal (PTB), Marlon Siqueira (PP), Andr\u00e9 Luiz (REPUBLICANOS), e Vagner de Oliveira (PSB), que integram a Comiss\u00e3o de Recupera\u00e7\u00e3o Econ\u00f4mica da C\u00e2mara Municipal (Comprec), estiveram em reuni\u00e3o com a prefeita Margarida Salom\u00e3o (PT) e a secret\u00e1ria de Governo, Cidinha Louzada, na \u00faltima quarta-feira, 3. O objetivo do encontro foi buscar medidas pelo Executivo que possam auxiliar a manuten\u00e7\u00e3o de emprego e renda em Juiz de Fora, em meio \u00e0 crise econ\u00f4mica causada pela COVID-19.<\/p>\n<p>Foi apresentada \u00e0 prefeita a possibilidade de compensa\u00e7\u00f5es fiscais aos setores mais afetados da economia local. \u201c\u00c9 uma solicita\u00e7\u00e3o que nos foi encaminhada pelo Comit\u00ea de Recupera\u00e7\u00e3o Econ\u00f4mica [Corec &#8211; grupo formado por representantes de diversas atividades]. Muitos setores ficaram impedidos de trabalhar durante meses, outros ainda est\u00e3o impedidos de funcionar. Isso gerou e continua a gerar desemprego. A C\u00e2mara quer trabalhar em conjunto com o Executivo e com o setor empresarial na busca de solu\u00e7\u00f5es\u201d, afirma o presidente da Comprec, vereador Sargento Mello Casal. Margarida informou que sua equipe j\u00e1 vem realizando um estudo sobre o tema e que, ap\u00f3s a conclus\u00e3o do trabalho, convidar\u00e1 a Comprec e o Corec para a constru\u00e7\u00e3o conjunta de a\u00e7\u00f5es que permitam a recupera\u00e7\u00e3o econ\u00f4mica do munic\u00edpio.<\/p>\n<p><strong>Cursos Livres pleiteiam reabertura das atividades presenciais<\/strong><\/p>\n<p>Al\u00e9m de poss\u00edveis compensa\u00e7\u00f5es fiscais para diversos setores produtivos afetados, foi discutida a situa\u00e7\u00e3o espec\u00edfica dos cursos livres que, desde mar\u00e7o de 2020, est\u00e3o sem funcionar. O argumento do setor e da comiss\u00e3o \u00e9 que tais estabelecimentos n\u00e3o exercem atividades de ensino curricular, portanto, devem ser sujeitos a regras de reabertura diferentes das escolas regulares. Representantes da Associa\u00e7\u00e3o dos Cursos Livres e do Sindicato dos Cursos Livres e de Idiomas do Estado de Minas Gerais (SINDILIVRE-. Idiomas\/MG), apresentaram \u00e0 prefeita e \u00e0 Secret\u00e1ria de Educa\u00e7\u00e3o, N\u00e1dia Ribas, dados da crise do setor.<\/p>\n<p>O grupo informou que, em janeiro de 2020, existiam 53 cursos livres e 43 cursos de idiomas em Juiz de Fora. \u201cHoje, nove cursos de idiomas j\u00e1 encerraram suas atividades. No primeiro m\u00eas da pandemia 20% das matr\u00edculas foram canceladas. Atualmente, perdemos entre 60% e 70% das matr\u00edculas, j\u00e1 que os alunos preferem as aulas presenciais. Al\u00e9m disso, por sua natureza t\u00e9cnica, alguns cursos s\u00f3 podem ser realizados de forma presencial\u201d, explicou o presidente do Sindilivre Idiomas, Yuri Vasconcellos.<\/p>\n<p>Segundo a representante da Associa\u00e7\u00e3o dos Cursos Livres, Aline Couto, os cursos livres atuam de forma diversa do ensino regular. \u201cS\u00e3o cursos de qualifica\u00e7\u00e3o profissional, com turmas de at\u00e9 oito alunos, com uma hora\/aula, duas vezes por semana. Podemos cumprir os protocolos de distanciamento, assim como as autoescolas. N\u00e3o temos mais como manter empregos e nossas portas abertas se n\u00e3o voltarmos \u00e0s nossas atividades\u201d, argumentou. \u201cAno passado os empres\u00e1rios buscaram o aux\u00edlio do governo para manterem seus neg\u00f3cios. Hoje, as escolas sem matr\u00edculas n\u00e3o t\u00eam como manter seus funcion\u00e1rios\u201d, refor\u00e7a a advogada da Associa\u00e7\u00e3o, Cristina Alves.<\/p>\n<p>A prefeita garantiu que levar\u00e1 a situa\u00e7\u00e3o \u00e0 sua equipe de governo e, que at\u00e9 a pr\u00f3xima segunda-feira, 8, dar\u00e1 um retorno \u00e0s demandas apresentadas pelo segmento. Participaram ainda do encontro com o Executivo a presidente do Corec e do Centro Industrial, Fl\u00e1via Gonzaga; a presidente da Associa\u00e7\u00e3o Brasileira de Bares e Restaurantes Regional Zona da Mata (Abrasel\/ZM), Francele Galil; e empres\u00e1rios do setor de cursos livres.<\/p>\n<p><span style=\"font-weight: 400;\">Fonte: Assessoria C\u00e2mara Juiz de Fora <\/span><\/p>\n","protected":false},"excerpt":{"rendered":"<p>Os vereadores Sargento Mello Casal (PTB), Marlon Siqueira (PP), Andr\u00e9 Luiz (REPUBLICANOS), e Vagner de Oliveira (PSB), que integram a Comiss\u00e3o de Recupera\u00e7\u00e3o Econ\u00f4mica da C\u00e2mara Municipal (Comprec), estiveram em reuni\u00e3o com a prefeita Margarida Salom\u00e3o (PT) e a secret\u00e1ria de Governo, Cidinha Louzada, na \u00faltima quarta-feira, 3. O objetivo do encontro foi buscar medidas [&hellip;]<\/p>\n","protected":false},"author":246,"featured_media":178926,"comment_status":"closed","ping_status":"closed","sticky":false,"template":"","format":"standard","meta":{"footnotes":""},"categories":[436,254,439],"tags":[],"class_list":["post-178925","post","type-post","status-publish","format-standard","has-post-thumbnail","hentry","category-destaque-da-semana","category-politica","category-ultima-hora"],"_links":{"self":[{"href":"https:\/\/diarioregionaldigital.com.br\/index.php?rest_route=\/wp\/v2\/posts\/178925","targetHints":{"allow":["GET"]}}],"collection":[{"href":"https:\/\/diarioregionaldigital.com.br\/index.php?rest_route=\/wp\/v2\/posts"}],"about":[{"href":"https:\/\/diarioregionaldigital.com.br\/index.php?rest_route=\/wp\/v2\/types\/post"}],"author":[{"embeddable":true,"href":"https:\/\/diarioregionaldigital.com.br\/index.php?rest_route=\/wp\/v2\/users\/246"}],"replies":[{"embeddable":true,"href":"https:\/\/diarioregionaldigital.com.br\/index.php?rest_route=%2Fwp%2Fv2%2Fcomments&post=178925"}],"version-history":[{"count":0,"href":"https:\/\/diarioregionaldigital.com.br\/index.php?rest_route=\/wp\/v2\/posts\/178925\/revisions"}],"wp:featuredmedia":[{"embeddable":true,"href":"https:\/\/diarioregionaldigital.com.br\/index.php?rest_route=\/wp\/v2\/media\/178926"}],"wp:attachment":[{"href":"https:\/\/diarioregionaldigital.com.br\/index.php?rest_route=%2Fwp%2Fv2%2Fmedia&parent=178925"}],"wp:term":[{"taxonomy":"category","embeddable":true,"href":"https:\/\/diarioregionaldigital.com.br\/index.php?rest_route=%2Fwp%2Fv2%2Fcategories&post=178925"},{"taxonomy":"post_tag","embeddable":true,"href":"https:\/\/diarioregionaldigital.com.br\/index.php?rest_route=%2Fwp%2Fv2%2Ftags&post=178925"}],"curies":[{"name":"wp","href":"https:\/\/api.w.org\/{rel}","templated":true}]}}