{"id":178923,"date":"2021-03-04T17:30:19","date_gmt":"2021-03-04T20:30:19","guid":{"rendered":"https:\/\/diarioregionaldigital.com.br\/?p=178923"},"modified":"2021-03-04T17:32:27","modified_gmt":"2021-03-04T20:32:27","slug":"seed-inicia-avaliacao-dos-inscritos-para-edicao-especial-do-programa","status":"publish","type":"post","link":"https:\/\/diarioregionaldigital.com.br\/?p=178923","title":{"rendered":"Seed inicia avalia\u00e7\u00e3o dos inscritos para edi\u00e7\u00e3o especial do programa"},"content":{"rendered":"<p>Ap\u00f3s encerrar o per\u00edodo de inscri\u00e7\u00e3o para a Edi\u00e7\u00e3o Especial do Seed, o\u00a0<a href=\"https:\/\/www.mg.gov.br\/\" target=\"_blank\" rel=\"noopener noreferrer\">Governo de Minas<\/a>, inicia, agora,\u00a0a fase de sele\u00e7\u00e3o dos candidatos.\u00a0A\u00a0equipe t\u00e9cnica escolher\u00e1 60 participantes desta rodada, sendo que, do total, 54 iniciativas ser\u00e3o direcionadas para resolver gargalos p\u00fablicos existentes. O resultado ser\u00e1 divulgado em 5\/4\/2020.<\/p>\n<p>Ao todo, 244 startups participam do processo.\u00a0Segundo o superintendente de Inova\u00e7\u00e3o Tecnol\u00f3gica da\u00a0<a href=\"http:\/\/www.desenvolvimento.mg.gov.br\/\" target=\"_blank\" rel=\"noopener noreferrer\">Secretaria de Estado de Desenvolvimento Econ\u00f4mico (Sede)<\/a>, Pedro Vaz, o n\u00famero de inscritos superou a expectativa porque o programa especificou o perfil das startups procuradas para sanarem os desafios.<\/p>\n<p>\u201cEssa edi\u00e7\u00e3o especial sofreu muitas mudan\u00e7as, desde a exig\u00eancia de CNPJ at\u00e9 o contexto da pandemia, que nos impediu de ir \u00e0s cidades, fazendo corpo a corpo para divulgar a rodada\u201d, afirma Pedro Vaz. De acordo com o secret\u00e1rio\u00a0adjunto da Sede, Fernando Passalio, a mudan\u00e7a estrutural do programa atende \u00e0 necessidade do Governo\u00a0do Estado\u00a0de trabalhar pontos sens\u00edveis para uma gest\u00e3o eficiente.<\/p>\n<p>\u201cCriamos crit\u00e9rios de sele\u00e7\u00e3o como: relev\u00e2ncia para a pol\u00edtica de desenvolvimento econ\u00f4mico; impacto no setor produtivo; ader\u00eancia \u00e0 pol\u00edtica governamental; e fact\u00edvel de solu\u00e7\u00e3o no ecossistema de inova\u00e7\u00e3o\u201d, explica Passalio.<\/p>\n<p><strong>Desafios<\/strong><\/p>\n<p>Os desafios que mais receberam propostas foram os n\u00fameros 27 e 28, da\u00a0<a href=\"http:\/\/www.cultura.mg.gov.br\/\" target=\"_blank\" rel=\"noopener noreferrer\">Secretaria de Estado de Cultura e Turismo (Secult)<\/a>, com 16 e 18 inscritos, respectivamente. Um deles procura solu\u00e7\u00f5es para coletar, analisar e disponibilizar dados sobre o turista, sua experi\u00eancia em Minas Gerais e sobre potenciais turistas para embasar pol\u00edticas p\u00fablicas. O outro \u00e9 sobre melhorar a acessibilidade no turismo de forma eficiente e eficaz por meio da comunica\u00e7\u00e3o com o turista.<\/p>\n<p>Outro desafio que tamb\u00e9m recebeu 18 inscritos foi o da\u00a0<a href=\"https:\/\/emater.mg.gov.br\/\" target=\"_blank\" rel=\"noopener noreferrer\">Empresa de Assist\u00eancia T\u00e9cnica e Extens\u00e3o Rural do Estado de Minas Gerais (Emater-MG)<\/a>, que prop\u00f5e a promo\u00e7\u00e3o de assist\u00eancia t\u00e9cnica e de expans\u00e3o rural digital eficiente. O objetivo \u00e9 que essas mudan\u00e7as possam ser avaliadas qualitativamente, com agilidade no atendimento ao agricultor familiar e economia do Governo do Estado. Um \u00fanico desafio n\u00e3o recebeu propostas.<\/p>\n<p><strong>Cinco pa\u00edses e 15 estados\u00a0<\/strong><\/p>\n<p>Os inscritos nos desafios s\u00e3o de cinco pa\u00edses: Brasil, Inglaterra, M\u00e9xico, Su\u00e9cia e Estados Unidos. No Brasil, 15 estados foram representados por startups, sendo: Minas Gerais, com o maior n\u00famero de inscritos, Bahia, Cear\u00e1, Distrito Federal, Esp\u00edrito Santo, Goi\u00e1s, Par\u00e1, Paran\u00e1, Pernambuco, Rio de Janeiro, Rio Grande do Sul, Rond\u00f4nia, Santa Catarina e S\u00e3o Paulo.<\/p>\n<p><strong>Metodologia de acelera\u00e7\u00e3o\u00a0<\/strong><\/p>\n<p>A sexta edi\u00e7\u00e3o do Seed passou por uma reformula\u00e7\u00e3o em pontos-chave da estrutura. Um deles \u00e9 a metodologia de acelera\u00e7\u00e3o que permitir\u00e1 ainda mais intera\u00e7\u00e3o, networking e acessibilidade aos conte\u00fados.<\/p>\n<p>Nesta rodada, o processo de acelera\u00e7\u00e3o ser\u00e1 virtual e contar\u00e1 com a presen\u00e7a de agentes de conex\u00e3o voltados exclusivamente para unir as startups aos principais players de suas respectivas \u00e1reas de atua\u00e7\u00e3o. Durante seis meses, as startups ficar\u00e3o imersas em um ambiente din\u00e2mico, voltado para conex\u00f5es estrat\u00e9gicas.<\/p>\n<p>Entre as pr\u00e1ticas previstas est\u00e3o mentorias personalizadas, lives com importantes agentes do ecossistema, meetups, difus\u00e3o e diversas outras a\u00e7\u00f5es que v\u00e3o contribuir para o fortalecimento das startups aceleradas.<\/p>\n<p>Os dois primeiros meses ser\u00e3o focados no desenvolvimento dos neg\u00f3cios como um todo, no estabelecimento de conex\u00f5es e na prepara\u00e7\u00e3o para a banca de corte que ocorrer\u00e1 no final desse per\u00edodo, reduzindo de 60 para 40 startups a serem aceleradas.<\/p>\n<p>Nos quatro meses seguintes, a acelera\u00e7\u00e3o prosseguir\u00e1 com o desenvolvimento dos neg\u00f3cios. Nessa fase, ser\u00e1 dado um enfoque ao estabelecimento de conex\u00f5es e \u00e0 aplica\u00e7\u00e3o da solu\u00e7\u00e3o desenvolvida pelas startups participantes.<\/p>\n<p>Fonte: Ag\u00eancia Minas<\/p>\n","protected":false},"excerpt":{"rendered":"<p>Ap\u00f3s encerrar o per\u00edodo de inscri\u00e7\u00e3o para a Edi\u00e7\u00e3o Especial do Seed, o\u00a0Governo de Minas, inicia, agora,\u00a0a fase de sele\u00e7\u00e3o dos candidatos.\u00a0A\u00a0equipe t\u00e9cnica escolher\u00e1 60 participantes desta rodada, sendo que, do total, 54 iniciativas ser\u00e3o direcionadas para resolver gargalos p\u00fablicos existentes. O resultado ser\u00e1 divulgado em 5\/4\/2020. Ao todo, 244 startups participam do processo.\u00a0Segundo o [&hellip;]<\/p>\n","protected":false},"author":246,"featured_media":178936,"comment_status":"closed","ping_status":"closed","sticky":false,"template":"","format":"standard","meta":{"footnotes":""},"categories":[261],"tags":[],"class_list":["post-178923","post","type-post","status-publish","format-standard","has-post-thumbnail","hentry","category-economia"],"_links":{"self":[{"href":"https:\/\/diarioregionaldigital.com.br\/index.php?rest_route=\/wp\/v2\/posts\/178923","targetHints":{"allow":["GET"]}}],"collection":[{"href":"https:\/\/diarioregionaldigital.com.br\/index.php?rest_route=\/wp\/v2\/posts"}],"about":[{"href":"https:\/\/diarioregionaldigital.com.br\/index.php?rest_route=\/wp\/v2\/types\/post"}],"author":[{"embeddable":true,"href":"https:\/\/diarioregionaldigital.com.br\/index.php?rest_route=\/wp\/v2\/users\/246"}],"replies":[{"embeddable":true,"href":"https:\/\/diarioregionaldigital.com.br\/index.php?rest_route=%2Fwp%2Fv2%2Fcomments&post=178923"}],"version-history":[{"count":0,"href":"https:\/\/diarioregionaldigital.com.br\/index.php?rest_route=\/wp\/v2\/posts\/178923\/revisions"}],"wp:featuredmedia":[{"embeddable":true,"href":"https:\/\/diarioregionaldigital.com.br\/index.php?rest_route=\/wp\/v2\/media\/178936"}],"wp:attachment":[{"href":"https:\/\/diarioregionaldigital.com.br\/index.php?rest_route=%2Fwp%2Fv2%2Fmedia&parent=178923"}],"wp:term":[{"taxonomy":"category","embeddable":true,"href":"https:\/\/diarioregionaldigital.com.br\/index.php?rest_route=%2Fwp%2Fv2%2Fcategories&post=178923"},{"taxonomy":"post_tag","embeddable":true,"href":"https:\/\/diarioregionaldigital.com.br\/index.php?rest_route=%2Fwp%2Fv2%2Ftags&post=178923"}],"curies":[{"name":"wp","href":"https:\/\/api.w.org\/{rel}","templated":true}]}}