{"id":178873,"date":"2021-03-03T17:49:13","date_gmt":"2021-03-03T20:49:13","guid":{"rendered":"https:\/\/diarioregionaldigital.com.br\/?p=178873"},"modified":"2021-03-03T20:56:20","modified_gmt":"2021-03-03T23:56:20","slug":"adilson-da-silva-retorna-ao-sunshine-tour-buscando-pontos-para-vaga-olimpica","status":"publish","type":"post","link":"https:\/\/diarioregionaldigital.com.br\/?p=178873","title":{"rendered":"Adilson da Silva retorna ao Sunshine Tour buscando pontos para vaga ol\u00edmpica"},"content":{"rendered":"<p>Adilson da Silva retorna a campo nesta sexta-feira, dia 5 de mar\u00e7o, quando inicia a disputa do Kit Kat Group PROAM. O torneio, que segue at\u00e9 domingo, 7, marca a retomada do Sunshine Tour, o circuito profissional da \u00c1frica do Sul, interrompido na primeira semana de dezembro de 2020, por conta da pandemia.<\/p>\n<p>O torneio ser\u00e1 disputado no Royal Johannesburg &amp; Kensington Golf Club, clube fundado em 1890 e que j\u00e1 foi sede de nove Abertos da \u00c1frica do Sul e outras 11 edi\u00e7\u00f5es do Aberto de Johannesburg. Focado em um bom retorno, Adilson busca somar pontos para garantir sua vaga nos Jogos Ol\u00edmpicos de T\u00f3quio 2020, que ser\u00e3o realizados neste ano. O brasileiro aparece hoje na posi\u00e7\u00e3o de n\u00famero 372 no Ranking Mundial de Golfe e precisa subir cerca de 100 coloca\u00e7\u00f5es para jogar no Jap\u00e3o.<\/p>\n<p>\u201cEstou treinando forte h\u00e1 algumas semanas, aprimorando alguns detalhes. Meu swing est\u00e1 bem confort\u00e1vel e meu putter muito positivo\u201d, destaca Adilson. \u201cEstou me sentindo bem com o retorno dos torneios, fico feliz que o circuito esteja voltando, porque j\u00e1 tem bastante tempo que paramos\u201d, complementa.<\/p>\n<p>Adilson viaja para Joanesburgo no dia 2, joga o ProAm da etapa, e inicia o torneio no dia 5. \u201cVai ser bom, conhe\u00e7o bem os campos das pr\u00f3ximas etapas, apesar de ter a\u00ed uns 2 ou 3 anos que n\u00e3o jogo por l\u00e1\u201d, finaliza Adilson.<\/p>\n<p>Ap\u00f3s cerca de 3 meses sem competi\u00e7\u00f5es, o Sunshine Tour ter\u00e1 uma sequ\u00eancia de quatro torneios, uma semana de pausa e depois mais tr\u00eas etapas at\u00e9 maio, totalizando sete torneios at\u00e9 a metade do ano.<\/p>\n<p>Mais informa\u00e7\u00f5es em:\u00a0<a href=\"https:\/\/sunshinetour.com\/tournament\/\" target=\"_blank\" rel=\"noopener\">https:\/\/sunshinetour.com\/tournament\/<\/a><\/p>\n<p>Fonte: CBGolfe<\/p>\n","protected":false},"excerpt":{"rendered":"<p>Adilson da Silva retorna a campo nesta sexta-feira, dia 5 de mar\u00e7o, quando inicia a disputa do Kit Kat Group PROAM. O torneio, que segue at\u00e9 domingo, 7, marca a retomada do Sunshine Tour, o circuito profissional da \u00c1frica do Sul, interrompido na primeira semana de dezembro de 2020, por conta da pandemia. O torneio [&hellip;]<\/p>\n","protected":false},"author":96,"featured_media":178874,"comment_status":"closed","ping_status":"closed","sticky":false,"template":"","format":"standard","meta":{"footnotes":""},"categories":[436,257,262,439],"tags":[],"class_list":["post-178873","post","type-post","status-publish","format-standard","has-post-thumbnail","hentry","category-destaque-da-semana","category-esporte","category-noticias","category-ultima-hora"],"_links":{"self":[{"href":"https:\/\/diarioregionaldigital.com.br\/index.php?rest_route=\/wp\/v2\/posts\/178873","targetHints":{"allow":["GET"]}}],"collection":[{"href":"https:\/\/diarioregionaldigital.com.br\/index.php?rest_route=\/wp\/v2\/posts"}],"about":[{"href":"https:\/\/diarioregionaldigital.com.br\/index.php?rest_route=\/wp\/v2\/types\/post"}],"author":[{"embeddable":true,"href":"https:\/\/diarioregionaldigital.com.br\/index.php?rest_route=\/wp\/v2\/users\/96"}],"replies":[{"embeddable":true,"href":"https:\/\/diarioregionaldigital.com.br\/index.php?rest_route=%2Fwp%2Fv2%2Fcomments&post=178873"}],"version-history":[{"count":0,"href":"https:\/\/diarioregionaldigital.com.br\/index.php?rest_route=\/wp\/v2\/posts\/178873\/revisions"}],"wp:featuredmedia":[{"embeddable":true,"href":"https:\/\/diarioregionaldigital.com.br\/index.php?rest_route=\/wp\/v2\/media\/178874"}],"wp:attachment":[{"href":"https:\/\/diarioregionaldigital.com.br\/index.php?rest_route=%2Fwp%2Fv2%2Fmedia&parent=178873"}],"wp:term":[{"taxonomy":"category","embeddable":true,"href":"https:\/\/diarioregionaldigital.com.br\/index.php?rest_route=%2Fwp%2Fv2%2Fcategories&post=178873"},{"taxonomy":"post_tag","embeddable":true,"href":"https:\/\/diarioregionaldigital.com.br\/index.php?rest_route=%2Fwp%2Fv2%2Ftags&post=178873"}],"curies":[{"name":"wp","href":"https:\/\/api.w.org\/{rel}","templated":true}]}}