{"id":178863,"date":"2021-03-03T17:26:23","date_gmt":"2021-03-03T20:26:23","guid":{"rendered":"https:\/\/diarioregionaldigital.com.br\/?p=178863"},"modified":"2021-03-03T20:57:39","modified_gmt":"2021-03-03T23:57:39","slug":"deputados-aprovam-texto-base-do-projeto-de-ajuda-ao-setor-de-eventos-falta-votar-destaques","status":"publish","type":"post","link":"https:\/\/diarioregionaldigital.com.br\/?p=178863","title":{"rendered":"Deputados aprovam texto-base do projeto de ajuda ao setor de eventos; falta votar destaques"},"content":{"rendered":"<p>A C\u00e2mara dos Deputados aprovou o Projeto de Lei 5638\/20, que cria o Programa Emergencial de Retomada do Setor de Eventos (Perse). O texto aprovado \u00e9 um <span id=\"4098\" class=\"termoGlossario\" title=\"\" contenteditable=\"false\" data-toggle=\"tooltip\" data-placement=\"top\" data-original-title=\"Nome que se d\u00e1 ao texto que altera substancialmente o conte\u00fado original da proposta. O substitutivo \u00e9 apresentado pelo relator e tem prefer\u00eancia na vota\u00e7\u00e3o sobre o projeto original.\">substitutivo<\/span> da relatora, deputada <a href=\"https:\/\/www.camara.leg.br\/deputados\/178989\">Renata Abreu (Pode-SP)<\/a>.<\/p>\n<p>Os deputados precisam analisar agora os <span id=\"4027\" class=\"termoGlossario\" title=\"\" contenteditable=\"false\" data-toggle=\"tooltip\" data-placement=\"top\" data-original-title=\"Pedido feito por deputado ou l\u00edder de partido para votar, de forma separada, emenda ou parte do texto. A vota\u00e7\u00e3o ocorre ap\u00f3s a aprova\u00e7\u00e3o do texto principal.\">destaques<\/span> apresentados pelos partidos que tentam modificar o texto.<\/p>\n<p>De autoria do deputado <a href=\"https:\/\/www.camara.leg.br\/deputados\/72442\">Felipe Carreras (PSB-PE)<\/a> e outros, a proposta prev\u00ea o parcelamento de d\u00e9bitos de empresas do setor de eventos com o Fisco federal, al\u00e9m de outras medidas para compensar a perda de receita em raz\u00e3o da pandemia de Covid-19.<\/p>\n<p>Felipe Carreras lembrou que o setor de eventos foi o mais penalizado pela pandemia. &#8220;Pela primeira vez, o setor de entretenimento n\u00e3o foi tratado como invis\u00edvel e teve o respeito da C\u00e2mara dos Deputados&#8221;, comemorou. O deputado espera que o programa d\u00ea esperan\u00e7a ao setor.<\/p>\n<p><strong>Vota\u00e7\u00e3o anterior<\/strong><br \/>\nEsta \u00e9 a segunda vez que o texto \u00e9 votado. Antes da vota\u00e7\u00e3o de hoje, o 1\u00ba vice-presidente da C\u00e2mara, deputado <a href=\"https:\/\/www.camara.leg.br\/deputados\/204556\">Marcelo Ramos (PL-AM)<\/a>, leu resposta do presidente da Casa, <a href=\"https:\/\/www.camara.leg.br\/deputados\/160541\">Arthur Lira (PP-AL)<\/a>, ao l\u00edder do DEM, deputado <a href=\"https:\/\/www.camara.leg.br\/deputados\/141422\">Efraim Filho (DEM-PB)<\/a>, na qual reconhece a validade da reclama\u00e7\u00e3o feita sobre o fato de a vota\u00e7\u00e3o feita ontem ter come\u00e7ado antes de o texto da relatora estar dispon\u00edvel no sistema da Casa.<\/p>\n<p>\u201cA Presid\u00eancia atesta os esfor\u00e7os das bancadas no sentido de negociar um texto de consenso e, constatando que o texto e o parecer \u00e0s emendas s\u00f3 foi disponibilizado ap\u00f3s o in\u00edcio da vota\u00e7\u00e3o, resolve reconhecer a nulidade do processo e a necessidade de nova vota\u00e7\u00e3o\u201d, afirma a decis\u00e3o.<\/p>\n<p><strong>Parecer reformulado<br \/>\n<\/strong>Renata Abreu apresentou um parecer reformulado em que amplia o rol de<br \/>\ncontribuintes que podem aderir ao Perse, incluindo os prestadores de servi\u00e7os tur\u00edsticos e os parques de divers\u00e3o, tem\u00e1ticos e aqu\u00e1ticos e atra\u00e7\u00f5es tur\u00edsticas.<\/p>\n<p>Efraim Filho agradeceu a compreens\u00e3o da relatora e do presidente da C\u00e2mara. &#8220;A decis\u00e3o do presidente representa o respeito que o Plen\u00e1rio deve ter na condu\u00e7\u00e3o da Casa. A relatoria reconheceu a import\u00e2ncia de que, neste projeto, ningu\u00e9m pode ficar pelo caminho. Todos sofreram. \u00c9 preciso ter um olhar que n\u00e3o pode ser ego\u00edsta neste momento&#8221;, declarou.<\/p>\n<p>Fonte: Ag\u00eancia C\u00e2mara de Not\u00edcias<\/p>\n","protected":false},"excerpt":{"rendered":"<p>A C\u00e2mara dos Deputados aprovou o Projeto de Lei 5638\/20, que cria o Programa Emergencial de Retomada do Setor de Eventos (Perse). O texto aprovado \u00e9 um substitutivo da relatora, deputada Renata Abreu (Pode-SP). Os deputados precisam analisar agora os destaques apresentados pelos partidos que tentam modificar o texto. De autoria do deputado Felipe Carreras [&hellip;]<\/p>\n","protected":false},"author":96,"featured_media":178865,"comment_status":"closed","ping_status":"closed","sticky":false,"template":"","format":"standard","meta":{"footnotes":""},"categories":[436,262,254,439],"tags":[],"class_list":["post-178863","post","type-post","status-publish","format-standard","has-post-thumbnail","hentry","category-destaque-da-semana","category-noticias","category-politica","category-ultima-hora"],"_links":{"self":[{"href":"https:\/\/diarioregionaldigital.com.br\/index.php?rest_route=\/wp\/v2\/posts\/178863","targetHints":{"allow":["GET"]}}],"collection":[{"href":"https:\/\/diarioregionaldigital.com.br\/index.php?rest_route=\/wp\/v2\/posts"}],"about":[{"href":"https:\/\/diarioregionaldigital.com.br\/index.php?rest_route=\/wp\/v2\/types\/post"}],"author":[{"embeddable":true,"href":"https:\/\/diarioregionaldigital.com.br\/index.php?rest_route=\/wp\/v2\/users\/96"}],"replies":[{"embeddable":true,"href":"https:\/\/diarioregionaldigital.com.br\/index.php?rest_route=%2Fwp%2Fv2%2Fcomments&post=178863"}],"version-history":[{"count":0,"href":"https:\/\/diarioregionaldigital.com.br\/index.php?rest_route=\/wp\/v2\/posts\/178863\/revisions"}],"wp:featuredmedia":[{"embeddable":true,"href":"https:\/\/diarioregionaldigital.com.br\/index.php?rest_route=\/wp\/v2\/media\/178865"}],"wp:attachment":[{"href":"https:\/\/diarioregionaldigital.com.br\/index.php?rest_route=%2Fwp%2Fv2%2Fmedia&parent=178863"}],"wp:term":[{"taxonomy":"category","embeddable":true,"href":"https:\/\/diarioregionaldigital.com.br\/index.php?rest_route=%2Fwp%2Fv2%2Fcategories&post=178863"},{"taxonomy":"post_tag","embeddable":true,"href":"https:\/\/diarioregionaldigital.com.br\/index.php?rest_route=%2Fwp%2Fv2%2Ftags&post=178863"}],"curies":[{"name":"wp","href":"https:\/\/api.w.org\/{rel}","templated":true}]}}