{"id":178859,"date":"2021-03-03T17:17:06","date_gmt":"2021-03-03T20:17:06","guid":{"rendered":"https:\/\/diarioregionaldigital.com.br\/?p=178859"},"modified":"2021-03-03T20:58:02","modified_gmt":"2021-03-03T23:58:02","slug":"governo-de-minas-homologa-primeira-concessao-publica-de-parque","status":"publish","type":"post","link":"https:\/\/diarioregionaldigital.com.br\/?p=178859","title":{"rendered":"Governo de Minas homologa primeira concess\u00e3o p\u00fablica de parque"},"content":{"rendered":"<p><span style=\"font-weight: 400;\">\u00a0<\/span><span style=\"font-weight: 400;\">O <\/span><a href=\"http:\/\/mg.gov.br\/\"><span style=\"font-weight: 400;\">Governo de Minas<\/span><\/a><span style=\"font-weight: 400;\"> homologou nesta \u00faltima ter\u00e7a-feira (2\/3) a primeira concess\u00e3o p\u00fablica de atividades de ecoturismo e visita\u00e7\u00e3o dentro do Programa de Concess\u00e3o de Parques Estaduais (Parc). O Cons\u00f3rcio Gest\u00e3o Parques MG \u2013 Urbanes \u2013 B21 ser\u00e1 respons\u00e1vel por um investimento de R$ 12 milh\u00f5es em melhorias estruturais e reformas dos espa\u00e7os que integram a Rota das Grutas Peter Lund, conjunto de tr\u00eas unidades de conserva\u00e7\u00e3o gerenciadas pelo <\/span><a href=\"http:\/\/www.ief.mg.gov.br\/\"><span style=\"font-weight: 400;\">Instituto Estadual de Florestas (IEF)<\/span><\/a><span style=\"font-weight: 400;\">.\u00a0<\/span><\/p>\n<p><span style=\"font-weight: 400;\">O contrato vai permitir uma economia de R$ 4 milh\u00f5es por ano aos cofres p\u00fablicos, com gastos de manuten\u00e7\u00e3o nas unidades. &#8220;\u00c9 um momento muito importante para o meu governo. Trata-se do in\u00edcio da concess\u00e3o dos parques estaduais. Isso significa que o Estado vai ter mais recursos para a Sa\u00fade, para a Educa\u00e7\u00e3o e para a Seguran\u00e7a. A partir de agora, esse parque natural t\u00e3o bonito que comp\u00f5e a Rota Lund vai receber investimentos do setor privado, e estar\u00e1 muito mais apto para receber os turistas&#8221;, afirma o governador Romeu Zema.\u00a0<\/span><\/p>\n<p><span style=\"font-weight: 400;\">Comp\u00f5em a Rota Lund o Parque Estadual do Sumidouro (localizado nos munic\u00edpios de Pedro Leopoldo e Lagoa Santa, na Regi\u00e3o Metropolitana de Belo Horizonte), al\u00e9m dos monumentos naturais estaduais Gruta Rei do Mato (Sete Lagoas) e Peter Lund (Cordisburgo), ambos na regi\u00e3o Central de Minas. As tr\u00eas unidades recebem, juntas, cerca de 115 mil visitantes por ano. Elas t\u00eam reconhecimento internacional devido \u00e0s pesquisas arqueol\u00f3gicas realizadas pelo cientista dinamarqu\u00eas Peter Wilhelm Lund na regi\u00e3o.<\/span><\/p>\n<p><b>Melhorias<\/b><\/p>\n<p><span style=\"font-weight: 400;\">O contrato de licita\u00e7\u00e3o, no valor de R$ 294,6 milh\u00f5es, ter\u00e1 validade de 28 anos. Segundo estimativa do <\/span><a href=\"https:\/\/www.bdmg.mg.gov.br\/\"><span style=\"font-weight: 400;\">Banco de Desenvolvimento de Minas Gerais (BDMG)<\/span><\/a><span style=\"font-weight: 400;\">, respons\u00e1vel pela modelagem t\u00e9cnica do acordo firmado, a primeira concess\u00e3o p\u00fablica do Parc deve gerar cerca de 120 empregos diretos e 2 mil indiretos, al\u00e9m da economia de R$ 4 milh\u00f5es anuais para o Estado.<\/span><\/p>\n<p><span style=\"font-weight: 400;\">Entre as melhorias previstas a partir da concess\u00e3o p\u00fablica est\u00e3o: manuten\u00e7\u00f5es nas estruturas e reformas nos centros de visitantes das tr\u00eas unidades de conserva\u00e7\u00e3o que integram a Rota Lund; abertura do Museu do Castelinho, no Parque Estadual do Sumidouro; presta\u00e7\u00e3o de servi\u00e7os de alimenta\u00e7\u00e3o e tamb\u00e9m melhorias na acessibilidade e seguran\u00e7a dos usu\u00e1rios.<\/span><\/p>\n<p><b>Parc<\/b><\/p>\n<p><span style=\"font-weight: 400;\">No Estado, o Parc tem a coordena\u00e7\u00e3o do IEF e \u00e9 executado com a participa\u00e7\u00e3o das secretarias de Estado de <\/span><a href=\"http:\/\/www.meioambiente.mg.gov.br\/\"><span style=\"font-weight: 400;\">Meio Ambiente e Desenvolvimento Sustent\u00e1vel (Semad)<\/span><\/a><span style=\"font-weight: 400;\">; de <\/span><a href=\"http:\/\/www.infraestrutura.mg.gov.br\/\"><span style=\"font-weight: 400;\">Infraestrutura e Mobilidade (Seinfra)<\/span><\/a><span style=\"font-weight: 400;\">; e de <\/span><a href=\"http:\/\/www.cultura.mg.gov.br\/\"><span style=\"font-weight: 400;\">Cultura e Turismo (Secult)<\/span><\/a><span style=\"font-weight: 400;\"> e apoio do BDMG, por meio do estudo de viabilidade do programa.<\/span><\/p>\n<p><span style=\"font-weight: 400;\">&#8220;Com essa concess\u00e3o, que \u00e9 a primeira sob a gest\u00e3o do governador Romeu Zema, poderemos garantir que esses equipamentos p\u00fablicos t\u00e3o importantes tenham sua estrutura preservada e melhorada. Al\u00e9m disso, o Estado deixar\u00e1 de gastar com manuten\u00e7\u00e3o e poder\u00e1 investir esses recursos de forma inteligente em outros projetos&#8221;, analisa o secret\u00e1rio de Infraestrutura e Mobilidade, Fernando Marcato.<\/span><\/p>\n<p><b>Gest\u00e3o ambiental<\/b><\/p>\n<p><span style=\"font-weight: 400;\">Com o modelo de concess\u00f5es, o Parc tem como objetivo aprimorar e diversificar os servi\u00e7os tur\u00edsticos oferecidos nas unidades de conserva\u00e7\u00e3o estaduais, garantindo o aproveitamento sustent\u00e1vel das potencialidades econ\u00f4micas existentes, al\u00e9m de mais efici\u00eancia na gest\u00e3o e na conserva\u00e7\u00e3o da biodiversidade.<\/span><\/p>\n<p><span style=\"font-weight: 400;\">O diretor-geral do IEF, Ant\u00f4nio Malard, explica que o Estado far\u00e1 a concess\u00e3o para a entidade privada vencedora da licita\u00e7\u00e3o apenas da gest\u00e3o de servi\u00e7os e da visita\u00e7\u00e3o.\u00a0 A gest\u00e3o ambiental e a coordena\u00e7\u00e3o das unidades de conserva\u00e7\u00e3o permanecem sob responsabilidade do instituto.<\/span><\/p>\n<p><span style=\"font-weight: 400;\">\u201cA homologa\u00e7\u00e3o para a concess\u00e3o da Rota Lund \u00e9 um grande marco para Minas Gerais. \u00c9 a concretiza\u00e7\u00e3o da primeira grande entrega de um planejamento iniciado em 2019, que visa chegarmos em 2022 com 20 unidades de conserva\u00e7\u00e3o sob o regime de concess\u00e3o, com a transfer\u00eancia da gest\u00e3o da visita\u00e7\u00e3o para a iniciativa privada, mas mantendo a gest\u00e3o da conserva\u00e7\u00e3o de todas as unidades\u201d, afirma Malard.\u00a0<\/span><\/p>\n<p><span style=\"font-weight: 400;\">Para a secret\u00e1ria de Estado de Meio Ambiente e Desenvolvimento Sustent\u00e1vel, Mar\u00edlia Melo, o Parc fortalece a presta\u00e7\u00e3o de servi\u00e7os nas unidades de conserva\u00e7\u00e3o por meio do alinhamento entre desenvolvimento econ\u00f4mico e sustentabilidade. \u201cCom essa modelagem atrairemos muito mais visitantes, que ter\u00e3o o privil\u00e9gio de usufruir das belezas naturais de nossos parques e demais unidades de conserva\u00e7\u00e3o previstas no programa\u201d, destaca.<\/span><\/p>\n<p><span style=\"font-weight: 400;\">Para o secret\u00e1rio de Estado de Cultura e Turismo, Le\u00f4nidas Oliveira, a concess\u00e3o dialoga diretamente com o esfor\u00e7o da Secretaria de Cultura e Turismo (Secult) em aprimorar a infraestrutura dos parques estaduais e a oferta de servi\u00e7os tur\u00edsticos em Minas.\u00a0<\/span><\/p>\n<p>&nbsp;<\/p>\n<p><span style=\"font-weight: 400;\">\u201cA iniciativa contribui para a inova\u00e7\u00e3o na gest\u00e3o tur\u00edstica de \u00e1reas protegidas, com base na economia criativa, e valoriza uma das maiores pot\u00eancias que temos no estado, que \u00e9 o turismo sensorial, de natureza. Assim, podemos garantir a conserva\u00e7\u00e3o e a preserva\u00e7\u00e3o do patrim\u00f4nio natural e cultural de Minas Gerais e orientar o foco tamb\u00e9m \u00e0 melhoria dos servi\u00e7os oferecidos aos visitantes, proporcionando destinos seguros e atrativos\u201d, diz o secret\u00e1rio.<\/span><\/p>\n<p>&nbsp;<\/p>\n<p><span style=\"font-weight: 400;\">Na avalia\u00e7\u00e3o do presidente do <\/span><a href=\"http:\/\/www.bdmg.mg.gov.br\/\"><span style=\"font-weight: 400;\">BDMG<\/span><\/a><span style=\"font-weight: 400;\">, Sergio Gusm\u00e3o, o avan\u00e7o do Parc fortalece a institui\u00e7\u00e3o tamb\u00e9m como um agente de estrutura\u00e7\u00e3o de projetos de concess\u00e3o no Estado. \u201cO investimento em turismo ambiental \u00e9 um dos melhores exemplos de desenvolvimento sustent\u00e1vel, com impacto positivo na gera\u00e7\u00e3o de postos de trabalho e renda\u201d, afirma.<\/span><\/p>\n<p><b>Rota Lund\u00a0<\/b><\/p>\n<p><span style=\"font-weight: 400;\">Recebendo visitantes do mundo inteiro, a Rota das Grutas Peter Lund conta com grande parte de seu territ\u00f3rio sob prote\u00e7\u00e3o do Estado, que mant\u00e9m tr\u00eas reservas ambientais na regi\u00e3o. O complexo arqueol\u00f3gico constitui um importante patrim\u00f4nio ambiental de Minas Gerais.<\/span><\/p>\n<p><span style=\"font-weight: 400;\">Conhecido como o pai da paleontologia e arqueologia no Brasil, o dinamarqu\u00eas Peter Wilhelm Lund (1801-1880) descobriu mais de 12 mil pe\u00e7as f\u00f3sseis em cavernas nas imedia\u00e7\u00f5es da rota de grutas que hoje leva seu nome. Entre elas, o \u201cHomem de Lagoa Santa\u201d, que revelou a presen\u00e7a humana no local h\u00e1 mais de 10 mil anos.<\/span><\/p>\n<p><span style=\"font-weight: 400;\">Em sua obra, A Origem das Esp\u00e9cies, Charles Darwin menciona a admir\u00e1vel cole\u00e7\u00e3o de ossadas f\u00f3sseis recolhidas nas cavernas mineiras por Lund. O material encontra-se atualmente no Museu de Hist\u00f3ria Natural da Dinamarca, em Copenhague.<\/span><\/p>\n<p><b>Licita\u00e7\u00e3o<\/b><\/p>\n<p><span style=\"font-weight: 400;\">No total, 20 unidades de conserva\u00e7\u00e3o administradas pelo IEF fazem parte do Parc e ter\u00e3o licita\u00e7\u00e3o conclu\u00edda at\u00e9 o final de 2022. S\u00e3o elas:<\/span><\/p>\n<ol>\n<li style=\"font-weight: 400;\" aria-level=\"1\"><span style=\"font-weight: 400;\">Parque Estadual do Ibitipoca (Lima Duarte e Santa Rita do Ibitipoca \u2013 Zona da Mata)<\/span><\/li>\n<li style=\"font-weight: 400;\" aria-level=\"1\"><span style=\"font-weight: 400;\">Parque Estadual do Rio Preto (S\u00e3o Gon\u00e7alo do Rio Preto \u2013 Alto Jequitinhonha)<\/span><\/li>\n<li style=\"font-weight: 400;\" aria-level=\"1\"><span style=\"font-weight: 400;\">Parque Estadual do Rio Doce (Dion\u00edsio e Marli\u00e9ria \u2013 Rio Doce)<\/span><\/li>\n<li style=\"font-weight: 400;\" aria-level=\"1\"><span style=\"font-weight: 400;\">Parque Estadual do Sumidouro (Lagoa Santa e Pedro Leopoldo \u2013 Centro Norte)<\/span><\/li>\n<li style=\"font-weight: 400;\" aria-level=\"1\"><span style=\"font-weight: 400;\">Parque Estadual Serra do Rola-Mo\u00e7a (Belo Horizonte, Nova Lima, Brumadinho e Ibirit\u00e9 \u2013 RMBH)<\/span><\/li>\n<li style=\"font-weight: 400;\" aria-level=\"1\"><span style=\"font-weight: 400;\">Parque Estadual do Pico do Itacolomi (Ouro Preto e Mariana \u2013 Centro Sul)<\/span><\/li>\n<li style=\"font-weight: 400;\" aria-level=\"1\"><span style=\"font-weight: 400;\">Parque Estadual do Biribiri (Diamantina \u2013 Alto Jequitinhonha)<\/span><\/li>\n<li style=\"font-weight: 400;\" aria-level=\"1\"><span style=\"font-weight: 400;\">Parque Estadual da Serra do Papagaio (Airuoca, Alagoa, Baependi, Itamonte e Pouso Alto \u2013 Sul)<\/span><\/li>\n<li style=\"font-weight: 400;\" aria-level=\"1\"><span style=\"font-weight: 400;\">Monumento Natural Peter Lund (Cordisburgo \u2013 Centro Norte)<\/span><\/li>\n<li style=\"font-weight: 400;\" aria-level=\"1\"><span style=\"font-weight: 400;\">Monumento Natural Gruta Rei do Mato (Sete Lagoas \u2013 Centro Norte)<\/span><\/li>\n<li style=\"font-weight: 400;\" aria-level=\"1\"><span style=\"font-weight: 400;\">Parque Estadual de Nova Baden (lambari \u2013 Sul)<\/span><\/li>\n<li style=\"font-weight: 400;\" aria-level=\"1\"><span style=\"font-weight: 400;\">Parque Estadual Mata do Limoeiro (Itabira \u2013 Rio Doce)<\/span><\/li>\n<li style=\"font-weight: 400;\" aria-level=\"1\"><span style=\"font-weight: 400;\">Floresta Estadual do Uaimii (Ouro Preto \u2013 Centro Sul)<\/span><\/li>\n<li style=\"font-weight: 400;\" aria-level=\"1\"><span style=\"font-weight: 400;\">Parque Estadual Serra do Brigadeiro (Araponga, Fervedouro, Miradouro, Erv\u00e1lia, Sericita, Muria\u00e9, Pedra Bonita e Divino \u2013 Zona da Mata)<\/span><\/li>\n<li style=\"font-weight: 400;\" aria-level=\"1\"><span style=\"font-weight: 400;\">Parque Estadual do Pico do Itamb\u00e9 (Santo Ant\u00f4nio do Itamb\u00e9, Serro e Serra Azul de Minas \u2013 Alto Jequitinhonha)<\/span><\/li>\n<li style=\"font-weight: 400;\" aria-level=\"1\"><span style=\"font-weight: 400;\">Parque Estadual Serra Nova e Talhado (Rio Pardo de Minas, Serran\u00f3polis de Minas, Mato Verde, Porteirinha e Riacho dos Machados \u2013 Norte)<\/span><\/li>\n<li style=\"font-weight: 400;\" aria-level=\"1\"><span style=\"font-weight: 400;\">Parque Estadual da Lapa Grande (Montes Claros \u2013 Norte)<\/span><\/li>\n<li style=\"font-weight: 400;\" aria-level=\"1\"><span style=\"font-weight: 400;\">Parque Estadual do Pau Furado (Araguari e Uberl\u00e2ndia \u2013 Tri\u00e2ngulo)<\/span><\/li>\n<li style=\"font-weight: 400;\" aria-level=\"1\"><span style=\"font-weight: 400;\">Parque Estadual Serra das Araras (Chapada Ga\u00facha \u2013 Alto M\u00e9dio S\u00e3o Francisco)<\/span><\/li>\n<li style=\"font-weight: 400;\" aria-level=\"1\"><span style=\"font-weight: 400;\">APA Estadual Parque Fern\u00e3o Dias (Betim, Contagem \u2013 RMBH)<\/span><\/li>\n<\/ol>\n<p><span style=\"font-weight: 400;\"><br \/>\n<\/span><span style=\"font-weight: 400;\">Fonte: Ag\u00eancia Minas <\/span><\/p>\n","protected":false},"excerpt":{"rendered":"<p>\u00a0O Governo de Minas homologou nesta \u00faltima ter\u00e7a-feira (2\/3) a primeira concess\u00e3o p\u00fablica de atividades de ecoturismo e visita\u00e7\u00e3o dentro do Programa de Concess\u00e3o de Parques Estaduais (Parc). O Cons\u00f3rcio Gest\u00e3o Parques MG \u2013 Urbanes \u2013 B21 ser\u00e1 respons\u00e1vel por um investimento de R$ 12 milh\u00f5es em melhorias estruturais e reformas dos espa\u00e7os que integram [&hellip;]<\/p>\n","protected":false},"author":96,"featured_media":178860,"comment_status":"closed","ping_status":"closed","sticky":false,"template":"","format":"standard","meta":{"footnotes":""},"categories":[436,262,254,439],"tags":[],"class_list":["post-178859","post","type-post","status-publish","format-standard","has-post-thumbnail","hentry","category-destaque-da-semana","category-noticias","category-politica","category-ultima-hora"],"_links":{"self":[{"href":"https:\/\/diarioregionaldigital.com.br\/index.php?rest_route=\/wp\/v2\/posts\/178859","targetHints":{"allow":["GET"]}}],"collection":[{"href":"https:\/\/diarioregionaldigital.com.br\/index.php?rest_route=\/wp\/v2\/posts"}],"about":[{"href":"https:\/\/diarioregionaldigital.com.br\/index.php?rest_route=\/wp\/v2\/types\/post"}],"author":[{"embeddable":true,"href":"https:\/\/diarioregionaldigital.com.br\/index.php?rest_route=\/wp\/v2\/users\/96"}],"replies":[{"embeddable":true,"href":"https:\/\/diarioregionaldigital.com.br\/index.php?rest_route=%2Fwp%2Fv2%2Fcomments&post=178859"}],"version-history":[{"count":0,"href":"https:\/\/diarioregionaldigital.com.br\/index.php?rest_route=\/wp\/v2\/posts\/178859\/revisions"}],"wp:featuredmedia":[{"embeddable":true,"href":"https:\/\/diarioregionaldigital.com.br\/index.php?rest_route=\/wp\/v2\/media\/178860"}],"wp:attachment":[{"href":"https:\/\/diarioregionaldigital.com.br\/index.php?rest_route=%2Fwp%2Fv2%2Fmedia&parent=178859"}],"wp:term":[{"taxonomy":"category","embeddable":true,"href":"https:\/\/diarioregionaldigital.com.br\/index.php?rest_route=%2Fwp%2Fv2%2Fcategories&post=178859"},{"taxonomy":"post_tag","embeddable":true,"href":"https:\/\/diarioregionaldigital.com.br\/index.php?rest_route=%2Fwp%2Fv2%2Ftags&post=178859"}],"curies":[{"name":"wp","href":"https:\/\/api.w.org\/{rel}","templated":true}]}}