{"id":178576,"date":"2021-02-25T18:45:08","date_gmt":"2021-02-25T21:45:08","guid":{"rendered":"https:\/\/diarioregionaldigital.com.br\/?p=178576"},"modified":"2021-02-25T18:45:08","modified_gmt":"2021-02-25T21:45:08","slug":"equipe-da-secretaria-de-saude-apresenta-metas-e-desafios-da-gestao-ao-conselho-de-saude","status":"publish","type":"post","link":"https:\/\/diarioregionaldigital.com.br\/?p=178576","title":{"rendered":"Equipe da Secretaria de Sa\u00fade apresenta metas e desafios da gest\u00e3o ao Conselho de Sa\u00fade"},"content":{"rendered":"<p>O Conselho Municipal de Sa\u00fade promoveu, na quinta-feira, dia 24, sua primeira reuni\u00e3o ap\u00f3s o in\u00edcio da pandemia. O encontro virtual, devido aos protocolos sanit\u00e1rios, contou com a presen\u00e7a da secret\u00e1ria de Sa\u00fade, Ana Pimentel, e das subsecret\u00e1rias, que apresentaram as linhas estrat\u00e9gicas de trabalho do \u00f3rg\u00e3o. Por meio de respostas aos conselheiros, a secret\u00e1ria demonstrou como pretende conduzir as a\u00e7\u00f5es de forma a promover sa\u00fade com um conceito amplo, envolvendo seguran\u00e7a alimentar, educa\u00e7\u00e3o f\u00edsica, esporte e cultura.<\/p>\n<p>Uma das novidades anunciadas foi o uso de carro de som nos bairros a partir da pr\u00f3xima semana para divulgar a vacina\u00e7\u00e3o e medidas de preven\u00e7\u00e3o ao coronav\u00edrus, considerando que nem toda popula\u00e7\u00e3o tem acesso \u00e0 internet. As Unidades B\u00e1sicas de Sa\u00fade (UBSs), inclusive, foram orientadas a ajudar essas pessoas a preencherem o formul\u00e1rio de pr\u00e9-cadastro para vacina\u00e7\u00e3o que, neste momento, atende a idosos acima de 88 anos, profissionais da sa\u00fade da ativa de 60 anos ou mais, e trabalhadores da sa\u00fade que atuam no combate \u00e0 Covid-19.<\/p>\n<p>Foi esclarecido que a n\u00e3o realiza\u00e7\u00e3o do pr\u00e9-cadastro n\u00e3o \u00e9 impeditivo para a imuniza\u00e7\u00e3o. A subsecret\u00e1ria de Vigil\u00e2ncia em Sa\u00fade, Cec\u00edlia Kosmann, disse que o instrumento \u00e9 usado para planejamento de a\u00e7\u00f5es e para tornar o processo de imuniza\u00e7\u00e3o mais r\u00e1pido. Quando o assunto foi o p\u00fablico-alvo da vacina\u00e7\u00e3o, Cec\u00edlia explicou que o munic\u00edpio segue orienta\u00e7\u00f5es do Estado quanto \u00e0 prioriza\u00e7\u00e3o e que a popula\u00e7\u00e3o de rua vai ser atendida seguindo as determina\u00e7\u00f5es do PNI, assim como pessoas com comorbidades entre 18 e 59 anos e pessoas com defici\u00eancia grave. Cec\u00edlia ainda informou que os cuidadores de idosos integram o grupo de trabalhadores da sa\u00fade, por\u00e9m, lembrou que Juiz de Fora recebeu 73% de doses para imunizar esse grupo, raz\u00e3o pela qual o atendimento est\u00e1 na depend\u00eancia do envio de mais imunizantes.<\/p>\n<p>O abastecimento de oxig\u00eanio foi abordado pela secret\u00e1ria adjunta de Sa\u00fade, Ana Luisa Afonso Guimar\u00e3es. Desde o in\u00edcio da atual gest\u00e3o foi providenciado um invent\u00e1rio dos locais que usam o produto, a quantidade e a capacidade instalada de cada um. Ela informou que a rede tem o suficiente para funcionar e que h\u00e1 a exist\u00eancia de um contrato de urg\u00eancia que assegura a amplia\u00e7\u00e3o do fornecimento se necess\u00e1rio.<\/p>\n<p>Para a subsecret\u00e1ria de Urg\u00eancia e Emerg\u00eancia, Renata Prado Nogueira Fabrino, o momento \u00e9 de compartilhar e repensar todas as inst\u00e2ncias da sa\u00fade e de uma constru\u00e7\u00e3o coletiva. As interven\u00e7\u00f5es v\u00e3o buscar a melhoria no tempo de resposta aos pacientes.<\/p>\n<p>A conselheira de sa\u00fade do Jardim Esperan\u00e7a solicitou mais um m\u00e9dico e um dentista para a Unidade B\u00e1sica de Sa\u00fade (UBS) que serve ao bairro. A subsecret\u00e1ria de Aten\u00e7\u00e3o \u00e0 Sa\u00fade, Delaine La Gatta Carminate adiantou que foi publicado nos Atos do Governo desta quarta-feira, 24, o chamamento de m\u00e9dicos e que j\u00e1 est\u00e1 prevista a designa\u00e7\u00e3o de um deles para a localidade.<\/p>\n<p>Quest\u00f5es como fortalecimento do Sistema \u00danico de Sa\u00fade (SUS), informatiza\u00e7\u00e3o de toda rede assistencial; fortalecimento, valoriza\u00e7\u00e3o e qualifica\u00e7\u00e3o da aten\u00e7\u00e3o prim\u00e1ria em sa\u00fade, aprimoramento ainda maior da regula\u00e7\u00e3o e enfrentamento \u00e0 pandemia est\u00e3o entre as metas tra\u00e7adas. A subsecret\u00e1ria de Regula\u00e7\u00e3o, Kelle Delgado, falou sobre o n\u00famero de leitos dispon\u00edveis em Juiz de Fora, e ressaltou a percep\u00e7\u00e3o de que os n\u00fameros de hospitaliza\u00e7\u00f5es devem se elevar novamente.<\/p>\n<p>O presidente do Conselho Municipal de Sa\u00fade, Armando Ananias, e o secret\u00e1rio executivo, Jorge Ramos, anunciaram o planejamento do Plano Municipal de Sa\u00fade no primeiro semestre deste ano e a Confer\u00eancia Municipal de Sa\u00fade no segundo semestre.<\/p>\n<p><strong>Fonte:\u00a0<\/strong>Assessoria<\/p>\n","protected":false},"excerpt":{"rendered":"<p>O Conselho Municipal de Sa\u00fade promoveu, na quinta-feira, dia 24, sua primeira reuni\u00e3o ap\u00f3s o in\u00edcio da pandemia. O encontro virtual, devido aos protocolos sanit\u00e1rios, contou com a presen\u00e7a da secret\u00e1ria de Sa\u00fade, Ana Pimentel, e das subsecret\u00e1rias, que apresentaram as linhas estrat\u00e9gicas de trabalho do \u00f3rg\u00e3o. Por meio de respostas aos conselheiros, a secret\u00e1ria [&hellip;]<\/p>\n","protected":false},"author":96,"featured_media":178577,"comment_status":"closed","ping_status":"closed","sticky":false,"template":"","format":"standard","meta":{"footnotes":""},"categories":[253,436,439],"tags":[],"class_list":["post-178576","post","type-post","status-publish","format-standard","has-post-thumbnail","hentry","category-cidade","category-destaque-da-semana","category-ultima-hora"],"_links":{"self":[{"href":"https:\/\/diarioregionaldigital.com.br\/index.php?rest_route=\/wp\/v2\/posts\/178576","targetHints":{"allow":["GET"]}}],"collection":[{"href":"https:\/\/diarioregionaldigital.com.br\/index.php?rest_route=\/wp\/v2\/posts"}],"about":[{"href":"https:\/\/diarioregionaldigital.com.br\/index.php?rest_route=\/wp\/v2\/types\/post"}],"author":[{"embeddable":true,"href":"https:\/\/diarioregionaldigital.com.br\/index.php?rest_route=\/wp\/v2\/users\/96"}],"replies":[{"embeddable":true,"href":"https:\/\/diarioregionaldigital.com.br\/index.php?rest_route=%2Fwp%2Fv2%2Fcomments&post=178576"}],"version-history":[{"count":0,"href":"https:\/\/diarioregionaldigital.com.br\/index.php?rest_route=\/wp\/v2\/posts\/178576\/revisions"}],"wp:featuredmedia":[{"embeddable":true,"href":"https:\/\/diarioregionaldigital.com.br\/index.php?rest_route=\/wp\/v2\/media\/178577"}],"wp:attachment":[{"href":"https:\/\/diarioregionaldigital.com.br\/index.php?rest_route=%2Fwp%2Fv2%2Fmedia&parent=178576"}],"wp:term":[{"taxonomy":"category","embeddable":true,"href":"https:\/\/diarioregionaldigital.com.br\/index.php?rest_route=%2Fwp%2Fv2%2Fcategories&post=178576"},{"taxonomy":"post_tag","embeddable":true,"href":"https:\/\/diarioregionaldigital.com.br\/index.php?rest_route=%2Fwp%2Fv2%2Ftags&post=178576"}],"curies":[{"name":"wp","href":"https:\/\/api.w.org\/{rel}","templated":true}]}}