{"id":178573,"date":"2021-02-25T18:43:31","date_gmt":"2021-02-25T21:43:31","guid":{"rendered":"https:\/\/diarioregionaldigital.com.br\/?p=178573"},"modified":"2021-02-25T18:43:31","modified_gmt":"2021-02-25T21:43:31","slug":"fiscalizacao-pela-vida-prepara-operacao-especial-para-a-final-do-campeonato-brasileiro","status":"publish","type":"post","link":"https:\/\/diarioregionaldigital.com.br\/?p=178573","title":{"rendered":"Fiscaliza\u00e7\u00e3o pela Vida prepara opera\u00e7\u00e3o especial para a final do campeonato brasileiro"},"content":{"rendered":"<p>A Blitz da \u201cFiscaliza\u00e7\u00e3o Pela Vida\u201d realizar\u00e1 a\u00e7\u00e3o especial nesta quinta-feira, dia 25, para coibir aglomera\u00e7\u00f5es durante a partida da \u00faltima rodada do campeonato brasileiro de futebol entre os times Flamengo e S\u00e3o Paulo.<\/p>\n<p>Ser\u00e3o percorridas todas as regi\u00f5es de Juiz de Fora, com aten\u00e7\u00e3o especial aos tradicionais pontos de concentra\u00e7\u00e3o de pessoas na cidade. A opera\u00e7\u00e3o conjunta refor\u00e7ar\u00e1 o efetivo de pessoal nas ruas, reunindo esfor\u00e7os para que, neste momento, sejam alcan\u00e7ados os melhores resultados em benef\u00edcio das normas de sa\u00fade.<\/p>\n<p>O servi\u00e7o de intelig\u00eancia da Prefeitura de Juiz de Fora (PJF) j\u00e1 est\u00e1 atuando de maneira preventiva, buscando identificar poss\u00edveis eventos ou locais de aglomera\u00e7\u00f5es. Equipes da blitz ir\u00e3o cobrir toda a cidade, atendendo v\u00e1rias demandas, inclusive den\u00fancias levantadas pelo setor de Intelig\u00eancia.<\/p>\n<p>A orienta\u00e7\u00e3o \u00e9 aplicar o rigor da lei para os estabelecimentos comerciais que permitirem aglomera\u00e7\u00f5es. Al\u00e9m disso, uma equipe m\u00f3vel far\u00e1 o levantamento em diversos setores de modo que os estabelecimentos possam ser autuados ou at\u00e9 mesmo interditados posteriormente, caso sejam constatadas infra\u00e7\u00f5es. O objetivo desta a\u00e7\u00e3o \u00e9 fiscalizar e garantir que os cuidados e protocolos de seguran\u00e7a sanit\u00e1rios relacionados \u00e0 pandemia sejam respeitados rigidamente, evitando a propaga\u00e7\u00e3o da doen\u00e7a no munic\u00edpio.<\/p>\n<p>Para que n\u00e3o haja regress\u00e3o de mudan\u00e7a de faixa e, consequentemente, aumento das restri\u00e7\u00f5es impostas em fun\u00e7\u00e3o do crescimento dos casos da Covid-19, \u00e9 preciso que todos estejam envolvidos no cumprimento dos protocolos de seguran\u00e7a, tais como distanciamento m\u00ednimo de dois metros entre as mesas, utiliza\u00e7\u00e3o de \u00e1lcool gel, dentre outras. A orienta\u00e7\u00e3o da Prefeitura de Juiz de Fora \u00e9 que as pessoas assistam o jogo em casa, sem aglomera\u00e7\u00f5es.<\/p>\n<p><b>Fiscaliza\u00e7\u00e3o pela Vida<\/b><\/p>\n<p>A opera\u00e7\u00e3o Fiscaliza\u00e7\u00e3o pela Vida \u00e9 uma atua\u00e7\u00e3o conjunta dos Fiscais de Posturas da Secretaria de Sustentabilidade em Meio Ambiente e Atividades Urbanas (Sesmaur); dos Guardas Municipais, da Secretaria de Seguran\u00e7a Urbana e Cidadania (Sesuc); dos agentes de transporte e tr\u00e2nsito, da Secretaria de Mobilidade Urbana(SMU) e da Pol\u00edcia Militar de Minas Gerais (PMMG).<\/p>\n<p><strong>Fonte:\u00a0<\/strong>Assessoria<\/p>\n","protected":false},"excerpt":{"rendered":"<p>A Blitz da \u201cFiscaliza\u00e7\u00e3o Pela Vida\u201d realizar\u00e1 a\u00e7\u00e3o especial nesta quinta-feira, dia 25, para coibir aglomera\u00e7\u00f5es durante a partida da \u00faltima rodada do campeonato brasileiro de futebol entre os times Flamengo e S\u00e3o Paulo. Ser\u00e3o percorridas todas as regi\u00f5es de Juiz de Fora, com aten\u00e7\u00e3o especial aos tradicionais pontos de concentra\u00e7\u00e3o de pessoas na cidade. [&hellip;]<\/p>\n","protected":false},"author":96,"featured_media":178574,"comment_status":"closed","ping_status":"closed","sticky":false,"template":"","format":"standard","meta":{"footnotes":""},"categories":[253,436,439],"tags":[],"class_list":["post-178573","post","type-post","status-publish","format-standard","has-post-thumbnail","hentry","category-cidade","category-destaque-da-semana","category-ultima-hora"],"_links":{"self":[{"href":"https:\/\/diarioregionaldigital.com.br\/index.php?rest_route=\/wp\/v2\/posts\/178573","targetHints":{"allow":["GET"]}}],"collection":[{"href":"https:\/\/diarioregionaldigital.com.br\/index.php?rest_route=\/wp\/v2\/posts"}],"about":[{"href":"https:\/\/diarioregionaldigital.com.br\/index.php?rest_route=\/wp\/v2\/types\/post"}],"author":[{"embeddable":true,"href":"https:\/\/diarioregionaldigital.com.br\/index.php?rest_route=\/wp\/v2\/users\/96"}],"replies":[{"embeddable":true,"href":"https:\/\/diarioregionaldigital.com.br\/index.php?rest_route=%2Fwp%2Fv2%2Fcomments&post=178573"}],"version-history":[{"count":0,"href":"https:\/\/diarioregionaldigital.com.br\/index.php?rest_route=\/wp\/v2\/posts\/178573\/revisions"}],"wp:featuredmedia":[{"embeddable":true,"href":"https:\/\/diarioregionaldigital.com.br\/index.php?rest_route=\/wp\/v2\/media\/178574"}],"wp:attachment":[{"href":"https:\/\/diarioregionaldigital.com.br\/index.php?rest_route=%2Fwp%2Fv2%2Fmedia&parent=178573"}],"wp:term":[{"taxonomy":"category","embeddable":true,"href":"https:\/\/diarioregionaldigital.com.br\/index.php?rest_route=%2Fwp%2Fv2%2Fcategories&post=178573"},{"taxonomy":"post_tag","embeddable":true,"href":"https:\/\/diarioregionaldigital.com.br\/index.php?rest_route=%2Fwp%2Fv2%2Ftags&post=178573"}],"curies":[{"name":"wp","href":"https:\/\/api.w.org\/{rel}","templated":true}]}}