{"id":178570,"date":"2021-02-25T18:40:55","date_gmt":"2021-02-25T21:40:55","guid":{"rendered":"https:\/\/diarioregionaldigital.com.br\/?p=178570"},"modified":"2021-02-25T18:40:55","modified_gmt":"2021-02-25T21:40:55","slug":"especialistas-da-ufjf-apontam-que-3-dos-pacientes-nao-recuperam-o-olfato-apos-contrair-a-covid-19","status":"publish","type":"post","link":"https:\/\/diarioregionaldigital.com.br\/?p=178570","title":{"rendered":"Especialistas da UFJF apontam que 3% dos pacientes n\u00e3o recuperam o olfato ap\u00f3s contrair a Covid-19"},"content":{"rendered":"<p><span style=\"font-weight: 400;\">Uma an\u00e1lise feita por especialistas da Universidade Federal de Juiz de Fora (UFJF), no qual analisa os sintomas causados pela infec\u00e7\u00e3o do Sars-CoV-2, aponta que 3% das pessoas que contra\u00edram a doen\u00e7a, n\u00e3o recuperam o olfato e o paladar.<\/span><\/p>\n<p><span style=\"font-weight: 400;\">De acordo com a m\u00e9dica otorrinolaringologista e docente da UFJF, Leticia Bakary, a perda do paladar est\u00e1 diretamente ligada \u00e0 perda do olfato e no caso das pessoas que foram diagnosticadas com Coronav\u00edrus, \u201cocorre por um intenso processo inflamat\u00f3rio no bulbo olfat\u00f3rio, que resulta na destrui\u00e7\u00e3o de c\u00e9lulas de sustenta\u00e7\u00e3o e das c\u00e9lulas basais. o processo de capta\u00e7\u00e3o de um odor come\u00e7a pela entrada do mesmo nas narinas, com absor\u00e7\u00e3o da mucosa nasal. Durante essa absor\u00e7\u00e3o, os neur\u00f4nios \u201ctraduzem\u201d a informa\u00e7\u00e3o do odor que, posteriormente, passa pelo nervo olfat\u00f3rio e chega ao bulbo olfat\u00f3rio \u2013 este, por sua vez, trata-se de uma estrutura cerebral respons\u00e1vel por receber a informa\u00e7\u00e3o dos neur\u00f4nios olfativos para identificar o cheiro\u201d detalha.<\/span><\/p>\n<p><span style=\"font-weight: 400;\">Al\u00e9m disso, a otorrinolaringologista Rosana Caiaffa, preceptora do Hospital Universit\u00e1rio (HU), explica sobre a possibilidade de perda permanente do olfato, assim como do paladar, pode acontecer repentinamente e pode persistir al\u00e9m do tempo de infec\u00e7\u00e3o da doen\u00e7a. \u201cInteressante observar que este pode ser o \u00fanico sintoma de um quadro de Covid-19 que, normalmente, n\u00e3o vai apresentar congest\u00e3o nasal e coriza\u201d pontua.<\/span><\/p>\n<p><span style=\"font-weight: 400;\">\u201cA maioria dos pacientes que t\u00eam esses sintomas ap\u00f3s infec\u00e7\u00e3o pelo coronav\u00edrus n\u00e3o tem morte neuronal, ou seja, o olfato eventualmente volta ao normal. Cerca de 3% dos pacientes, no entanto, n\u00e3o recuperar\u00e3o esse sentido devido \u00e0 perda olfat\u00f3ria definitiva por destrui\u00e7\u00e3o dos neur\u00f4nios. Neste caso, a pessoa deve ser orientada para medidas de seguran\u00e7a quanto a identificar vazamentos de g\u00e1s, princ\u00edpios de inc\u00eandio e alimentos estragados, por exemplo, j\u00e1 que ela n\u00e3o sentir\u00e1 cheiros\u201d, explica Let\u00edcia Bakary.\u00a0<\/span><\/p>\n<p><span style=\"font-weight: 400;\">Conforme os dados apresentados na an\u00e1lise, 65% dos pacientes que apresentam casos leves da Covid-19 recuperam a fun\u00e7\u00e3o olfat\u00f3ria em torno de 14 dias. Por\u00e9m, os especialistas explicam que isso depende da evolu\u00e7\u00e3o da doen\u00e7a em cada organismo da pessoa infectada. Se por acaso o paciente n\u00e3o recuperar a sensibilidade dentro do tempo estimado, \u00e9 poss\u00edvel que a perda olfat\u00f3ria e do paladar seja mais severa e prolongada, perdurando por meses.<\/span><\/p>\n<p><b>Tratamento<\/b><\/p>\n<p><span style=\"font-weight: 400;\">Segundo Let\u00edcia, ap\u00f3s avalia\u00e7\u00e3o feita pelo m\u00e9dico, o paciente passar\u00e1 pelo tratamento de recupera\u00e7\u00e3o do olfato e paladar. Posteriormente ser\u00e1 definido o processo adequado para cada paciente. Ela explica tamb\u00e9m que \u201cT\u00eam sido usadas medica\u00e7\u00f5es para conter este processo inflamat\u00f3rio com libera\u00e7\u00e3o de subst\u00e2ncia lesivas aos componentes do bulbo olfat\u00f3rio\u201d.<\/span><\/p>\n<p><span style=\"font-weight: 400;\">Para Rosana Caiaffa, se em certos casos o paciente n\u00e3o conseguir sentir cheiros e sequer identificar sabores atrav\u00e9s do paladar, mesmo passado o tempo de infec\u00e7\u00e3o, \u00e9 necess\u00e1rio realizar um tratamento espec\u00edfico elaborado por um profissional otorrinolaringologista e que existe um protocolo utilizado para estimular o olfato:<\/span><\/p>\n<p><span style=\"font-weight: 400;\">\u201cExistem algumas alternativas de tratamento, sendo a principal delas o que chamamos de treinamento olfativo, que consiste em estimular o olfato atrav\u00e9s de alguns cheiros como caf\u00e9, baunilha, mel, vinagre, cravo, pasta de dente de menta, entre outros produtos e alimentos. O paciente ir\u00e1 cheirar cada subst\u00e2ncia a cada 15 segundos, dando intervalos de 10 segundos entre cada amostra, duas vezes ao dia.\u201d<\/span><\/p>\n","protected":false},"excerpt":{"rendered":"<p>Uma an\u00e1lise feita por especialistas da Universidade Federal de Juiz de Fora (UFJF), no qual analisa os sintomas causados pela infec\u00e7\u00e3o do Sars-CoV-2, aponta que 3% das pessoas que contra\u00edram a doen\u00e7a, n\u00e3o recuperam o olfato e o paladar. De acordo com a m\u00e9dica otorrinolaringologista e docente da UFJF, Leticia Bakary, a perda do paladar [&hellip;]<\/p>\n","protected":false},"author":96,"featured_media":178571,"comment_status":"closed","ping_status":"closed","sticky":false,"template":"","format":"standard","meta":{"footnotes":""},"categories":[253,436,440,439],"tags":[],"class_list":["post-178570","post","type-post","status-publish","format-standard","has-post-thumbnail","hentry","category-cidade","category-destaque-da-semana","category-destaques-do-dia","category-ultima-hora"],"_links":{"self":[{"href":"https:\/\/diarioregionaldigital.com.br\/index.php?rest_route=\/wp\/v2\/posts\/178570","targetHints":{"allow":["GET"]}}],"collection":[{"href":"https:\/\/diarioregionaldigital.com.br\/index.php?rest_route=\/wp\/v2\/posts"}],"about":[{"href":"https:\/\/diarioregionaldigital.com.br\/index.php?rest_route=\/wp\/v2\/types\/post"}],"author":[{"embeddable":true,"href":"https:\/\/diarioregionaldigital.com.br\/index.php?rest_route=\/wp\/v2\/users\/96"}],"replies":[{"embeddable":true,"href":"https:\/\/diarioregionaldigital.com.br\/index.php?rest_route=%2Fwp%2Fv2%2Fcomments&post=178570"}],"version-history":[{"count":0,"href":"https:\/\/diarioregionaldigital.com.br\/index.php?rest_route=\/wp\/v2\/posts\/178570\/revisions"}],"wp:featuredmedia":[{"embeddable":true,"href":"https:\/\/diarioregionaldigital.com.br\/index.php?rest_route=\/wp\/v2\/media\/178571"}],"wp:attachment":[{"href":"https:\/\/diarioregionaldigital.com.br\/index.php?rest_route=%2Fwp%2Fv2%2Fmedia&parent=178570"}],"wp:term":[{"taxonomy":"category","embeddable":true,"href":"https:\/\/diarioregionaldigital.com.br\/index.php?rest_route=%2Fwp%2Fv2%2Fcategories&post=178570"},{"taxonomy":"post_tag","embeddable":true,"href":"https:\/\/diarioregionaldigital.com.br\/index.php?rest_route=%2Fwp%2Fv2%2Ftags&post=178570"}],"curies":[{"name":"wp","href":"https:\/\/api.w.org\/{rel}","templated":true}]}}