{"id":178567,"date":"2021-02-25T17:54:22","date_gmt":"2021-02-25T20:54:22","guid":{"rendered":"https:\/\/diarioregionaldigital.com.br\/?p=178567"},"modified":"2021-02-25T17:54:22","modified_gmt":"2021-02-25T20:54:22","slug":"funalfa-promove-seminario-interno-sobre-carnaval","status":"publish","type":"post","link":"https:\/\/diarioregionaldigital.com.br\/?p=178567","title":{"rendered":"Funalfa promove semin\u00e1rio interno sobre carnaval"},"content":{"rendered":"<p>A Funda\u00e7\u00e3o Cultural Alfredo Ferreira Lage (Funalfa) promoveu, na quarta-feira, 24, um semin\u00e1rio interno sobre o Carnaval de Juiz de Fora. Foi apresentado um hist\u00f3rico da festa desde 2011, tanto em rela\u00e7\u00e3o ao Desfile Oficial das Escolas de Samba quanto no que se refere \u00e0 movimenta\u00e7\u00e3o dos blocos no Centro e nos bairros. A iniciativa \u00e9 parte do projeto &#8220;Formar Funalfa&#8221;, que tem a finalidade de conectar todos os funcion\u00e1rios da institui\u00e7\u00e3o com as a\u00e7\u00f5es desenvolvidas e trazer novos conhecimentos que versem sobre a cultura e as rela\u00e7\u00f5es humanas.<\/p>\n<p>A gerente de Suporte e Manuten\u00e7\u00e3o da Funalfa, Giovana Bellini que, durante oito anos, integrou a equipe respons\u00e1vel pela organiza\u00e7\u00e3o do carnaval na cidade, pontuou aspectos diversos, como tratativas com os organizadores, demandas da sociedade (foli\u00f5es e n\u00e3o foli\u00f5es), seguran\u00e7a, impactos no tr\u00e2nsito, or\u00e7amento, capta\u00e7\u00e3o de recursos, fontes alternativas de financiamento, formas de apoio, mobiliza\u00e7\u00e3o social, principais desafios e os pap\u00e9is de cada segmento.<\/p>\n<p>\u201cA Funalfa est\u00e1 iniciando uma nova gest\u00e3o e h\u00e1 muitas pessoas que n\u00e3o tiveram a experi\u00eancia do carnaval sob a perspectiva da organiza\u00e7\u00e3o. A ideia foi repassar detalhes desse processo para que toda a equipe esteja apta a contribuir com o aprimoramento do trabalho, buscando estrat\u00e9gias e procedimentos que fortale\u00e7am a Folia de Momo, t\u00e3o tradicional em Juiz de Fora.\u201d<br \/>\nA proposta \u00e9 que o projeto \u201cFormar Funalfa\u201d seja cont\u00ednuo e regular.<\/p>\n<p><strong>Fonte:\u00a0<\/strong>Assessoria<\/p>\n","protected":false},"excerpt":{"rendered":"<p>A Funda\u00e7\u00e3o Cultural Alfredo Ferreira Lage (Funalfa) promoveu, na quarta-feira, 24, um semin\u00e1rio interno sobre o Carnaval de Juiz de Fora. Foi apresentado um hist\u00f3rico da festa desde 2011, tanto em rela\u00e7\u00e3o ao Desfile Oficial das Escolas de Samba quanto no que se refere \u00e0 movimenta\u00e7\u00e3o dos blocos no Centro e nos bairros. A iniciativa [&hellip;]<\/p>\n","protected":false},"author":96,"featured_media":178568,"comment_status":"closed","ping_status":"closed","sticky":false,"template":"","format":"standard","meta":{"footnotes":""},"categories":[256,436,439],"tags":[],"class_list":["post-178567","post","type-post","status-publish","format-standard","has-post-thumbnail","hentry","category-cultura","category-destaque-da-semana","category-ultima-hora"],"_links":{"self":[{"href":"https:\/\/diarioregionaldigital.com.br\/index.php?rest_route=\/wp\/v2\/posts\/178567","targetHints":{"allow":["GET"]}}],"collection":[{"href":"https:\/\/diarioregionaldigital.com.br\/index.php?rest_route=\/wp\/v2\/posts"}],"about":[{"href":"https:\/\/diarioregionaldigital.com.br\/index.php?rest_route=\/wp\/v2\/types\/post"}],"author":[{"embeddable":true,"href":"https:\/\/diarioregionaldigital.com.br\/index.php?rest_route=\/wp\/v2\/users\/96"}],"replies":[{"embeddable":true,"href":"https:\/\/diarioregionaldigital.com.br\/index.php?rest_route=%2Fwp%2Fv2%2Fcomments&post=178567"}],"version-history":[{"count":0,"href":"https:\/\/diarioregionaldigital.com.br\/index.php?rest_route=\/wp\/v2\/posts\/178567\/revisions"}],"wp:featuredmedia":[{"embeddable":true,"href":"https:\/\/diarioregionaldigital.com.br\/index.php?rest_route=\/wp\/v2\/media\/178568"}],"wp:attachment":[{"href":"https:\/\/diarioregionaldigital.com.br\/index.php?rest_route=%2Fwp%2Fv2%2Fmedia&parent=178567"}],"wp:term":[{"taxonomy":"category","embeddable":true,"href":"https:\/\/diarioregionaldigital.com.br\/index.php?rest_route=%2Fwp%2Fv2%2Fcategories&post=178567"},{"taxonomy":"post_tag","embeddable":true,"href":"https:\/\/diarioregionaldigital.com.br\/index.php?rest_route=%2Fwp%2Fv2%2Ftags&post=178567"}],"curies":[{"name":"wp","href":"https:\/\/api.w.org\/{rel}","templated":true}]}}