{"id":178564,"date":"2021-02-25T17:49:32","date_gmt":"2021-02-25T20:49:32","guid":{"rendered":"https:\/\/diarioregionaldigital.com.br\/?p=178564"},"modified":"2021-02-25T17:49:32","modified_gmt":"2021-02-25T20:49:32","slug":"profissionais-de-saude-de-60-anos-ou-mais-que-estao-na-ativa-tem-ate-esta-sexta-feira-para-serem-vacinados-contra-a-covid-19","status":"publish","type":"post","link":"https:\/\/diarioregionaldigital.com.br\/?p=178564","title":{"rendered":"Profissionais de sa\u00fade de 60 anos ou mais que est\u00e3o na ativa t\u00eam at\u00e9 esta sexta-feira para serem vacinados contra a Covid-19"},"content":{"rendered":"<p><span style=\"font-weight: 400;\">Os profissionais de sa\u00fade com idade de 60 anos ou mais e que est\u00e3o na ativa, t\u00eam at\u00e9 esta sexta-feira (26) para serem imunizados contra a Covid-19. Segundo dados da Prefeitura de Juiz de Fora (PJF), 701 pessoas deste grupo j\u00e1 efetuaram o pr\u00e9-cadastramento pelo site do Executivo. Ao todo, 605 j\u00e1 foram imunizados, representando 86% dos credenciados.<\/span><\/p>\n<p><span style=\"font-weight: 400;\">Todas os indiv\u00edduos que fazem parte do referido grupo, s\u00e3o \u201cos profissionais de sa\u00fade que atuam em espa\u00e7os e estabelecimentos de assist\u00eancia \u00e0 sa\u00fade, sejam hospitais, cl\u00ednicas, ambulat\u00f3rios e outros locais, nas redes p\u00fablica e privada, e que n\u00e3o foram vacinados at\u00e9 o momento. Os profissionais aut\u00f4nomos tamb\u00e9m ser\u00e3o atendidos\u201d.<\/span><\/p>\n<p><span style=\"font-weight: 400;\">A aplica\u00e7\u00e3o das doses \u00e9 feita das 8h \u00e0s 16h, no Departamento de Sa\u00fade do Idoso e em sete Unidades B\u00e1sicas de Sa\u00fade. No ato da vacina\u00e7\u00e3o, \u201ctodos os profissionais de sa\u00fade dever\u00e3o apresentar documento (original e c\u00f3pia) da carteira de registro do Conselho de Classe e tamb\u00e9m um documento que comprove a vincula\u00e7\u00e3o ativa do trabalhador com servi\u00e7o de sa\u00fade ou apresenta\u00e7\u00e3o de declara\u00e7\u00e3o emitida pelo servi\u00e7o de sa\u00fade\u201d.<\/span><\/p>\n<p><b>Locais de vacina\u00e7\u00e3o dos profissionais de sa\u00fade a partir dos 60 anos<\/b><\/p>\n<p><span style=\"font-weight: 400;\">Departamento de Sa\u00fade do Idoso: na Rua Batista de Oliveira, 943;<\/span><\/p>\n<p><span style=\"font-weight: 400;\">UBS Benfica: Rua Guararapes, 106;<\/span><\/p>\n<p><span style=\"font-weight: 400;\">UBS Nossa Senhora das Gra\u00e7as: Rua Queluz 72.<\/span><\/p>\n<p><span style=\"font-weight: 400;\">UBS Nossa Senhora Aparecida: Rua Nossa Senhora Aparecida, n\u00ba 775;<\/span><\/p>\n<p><span style=\"font-weight: 400;\">UBS Vila Ideal: Avenida Francisco Valadares, n\u00ba 1.910;<\/span><\/p>\n<p><span style=\"font-weight: 400;\">UBS Santa Luzia: Rua Torre\u00f5es, s\/n\u00ba;<\/span><\/p>\n<p><span style=\"font-weight: 400;\">UBS S\u00e3o Pedro: Rua Jo\u00e3o Louren\u00e7o Kelmer, n\u00ba 1.433;<\/span><\/p>\n<p><span style=\"font-weight: 400;\">UBS Borboleta: Rua Tenente Paulo Maria Delage 297.<\/span><\/p>\n","protected":false},"excerpt":{"rendered":"<p>Os profissionais de sa\u00fade com idade de 60 anos ou mais e que est\u00e3o na ativa, t\u00eam at\u00e9 esta sexta-feira (26) para serem imunizados contra a Covid-19. Segundo dados da Prefeitura de Juiz de Fora (PJF), 701 pessoas deste grupo j\u00e1 efetuaram o pr\u00e9-cadastramento pelo site do Executivo. Ao todo, 605 j\u00e1 foram imunizados, representando [&hellip;]<\/p>\n","protected":false},"author":96,"featured_media":178565,"comment_status":"closed","ping_status":"closed","sticky":false,"template":"","format":"standard","meta":{"footnotes":""},"categories":[253,436,440,439],"tags":[],"class_list":["post-178564","post","type-post","status-publish","format-standard","has-post-thumbnail","hentry","category-cidade","category-destaque-da-semana","category-destaques-do-dia","category-ultima-hora"],"_links":{"self":[{"href":"https:\/\/diarioregionaldigital.com.br\/index.php?rest_route=\/wp\/v2\/posts\/178564","targetHints":{"allow":["GET"]}}],"collection":[{"href":"https:\/\/diarioregionaldigital.com.br\/index.php?rest_route=\/wp\/v2\/posts"}],"about":[{"href":"https:\/\/diarioregionaldigital.com.br\/index.php?rest_route=\/wp\/v2\/types\/post"}],"author":[{"embeddable":true,"href":"https:\/\/diarioregionaldigital.com.br\/index.php?rest_route=\/wp\/v2\/users\/96"}],"replies":[{"embeddable":true,"href":"https:\/\/diarioregionaldigital.com.br\/index.php?rest_route=%2Fwp%2Fv2%2Fcomments&post=178564"}],"version-history":[{"count":0,"href":"https:\/\/diarioregionaldigital.com.br\/index.php?rest_route=\/wp\/v2\/posts\/178564\/revisions"}],"wp:featuredmedia":[{"embeddable":true,"href":"https:\/\/diarioregionaldigital.com.br\/index.php?rest_route=\/wp\/v2\/media\/178565"}],"wp:attachment":[{"href":"https:\/\/diarioregionaldigital.com.br\/index.php?rest_route=%2Fwp%2Fv2%2Fmedia&parent=178564"}],"wp:term":[{"taxonomy":"category","embeddable":true,"href":"https:\/\/diarioregionaldigital.com.br\/index.php?rest_route=%2Fwp%2Fv2%2Fcategories&post=178564"},{"taxonomy":"post_tag","embeddable":true,"href":"https:\/\/diarioregionaldigital.com.br\/index.php?rest_route=%2Fwp%2Fv2%2Ftags&post=178564"}],"curies":[{"name":"wp","href":"https:\/\/api.w.org\/{rel}","templated":true}]}}