{"id":178220,"date":"2021-02-19T16:06:32","date_gmt":"2021-02-19T19:06:32","guid":{"rendered":"https:\/\/diarioregionaldigital.com.br\/?p=178220"},"modified":"2021-02-19T16:06:32","modified_gmt":"2021-02-19T19:06:32","slug":"conmebol-divulga-lista-atualizada-de-possiveis-sedes-das-proximas-finais-da-taca-libertadores-e-copa-sul-americana","status":"publish","type":"post","link":"https:\/\/diarioregionaldigital.com.br\/?p=178220","title":{"rendered":"Conmebol divulga lista atualizada de poss\u00edveis sedes das pr\u00f3ximas finais da Ta\u00e7a Libertadores e Copa Sul-Americana"},"content":{"rendered":"<p><span style=\"font-weight: 400;\">A Confedera\u00e7\u00e3o Sul-Americana de Futebol (Conmebol), atualizou sua lista de poss\u00edveis sedes das pr\u00f3ximas finais da Ta\u00e7a Libertadores e da Copa Sul-Americana, entre 2021 e 2023. De acordo com o relat\u00f3rio feito ap\u00f3s realizadas as inspe\u00e7\u00f5es, a entidade m\u00e1xima de futebol sul-americano informa que o Morumbi em S\u00e3o Paulo e o Beira-Rio em Porto Alegre est\u00e3o na briga pela Libertadores. No caso da Copa Sul-Americana, h\u00e1 est\u00e1dios brasileiros na seletiva: <\/span><span style=\"font-weight: 400;\">Castel\u00e3o, Fonte-Nova, Man\u00e9 Garrincha e Arena Pernambuco.\u00a0<\/span><\/p>\n<p><span style=\"font-weight: 400;\">Conforme a entidade, a decis\u00e3o da Libertadores deste ano \u00e9 disputada por 10 concorrentes. Em 2022 s\u00e3o 12 e em 2023 s\u00e3o 14. J\u00e1 na Sul-Americana, <\/span><span style=\"font-weight: 400;\">s\u00e3o 10 candidatos para 2021, 14 para 2022 e 15 para 2023. Inclusive, h\u00e1 diversos locais que podem receber as duas competi\u00e7\u00f5es, como \u00e9 o caso do Beira-Rio.<\/span><\/p>\n<p><span style=\"font-weight: 400;\">A grande final da Libertadores est\u00e1 marcada para o dia 20 de novembro deste ano. Ao todo 7 est\u00e1dios na Argentina, 2 no Brasil e um no Equador est\u00e3o na seletiva. Segundo informa\u00e7\u00f5es do Jornal \u2018Ol\u00e9\u2019, a Conmebol deseja levar o jogo para o Est\u00e1dio La Bombonera, casa do Boca Juniors, na capital Buenos Aires, um ano ap\u00f3s a morte de Diego Maradona que era torcedor fan\u00e1tico do Xeneise.<\/span><\/p>\n<p><span style=\"font-weight: 400;\">O processo de sele\u00e7\u00e3o de candidatos j\u00e1 foi conclu\u00eddo pela Conmebol, que agora far\u00e1 inspe\u00e7\u00f5es em todos os est\u00e1dios, para avaliar as quest\u00f5es de infraestrutura e log\u00edstica dos locais, como redes de hotelaria e aeroportos. Os representantes da entidade estar\u00e3o no Brasil entre os dias 22 e 26 deste m\u00eas. Confira abaixo a rela\u00e7\u00e3o de cada candidato:<\/span><\/p>\n<p><b>Finais da Libertadores:<\/b><\/p>\n<p><b>2021: <\/b><\/p>\n<ul>\n<li><span style=\"font-weight: 400;\">Argentina: Libertadores de Am\u00e9rica, El Cilindro, La Bombonera, Monumental de Nu\u00f1es, Nuevo Gas\u00f3metro, Mario Kempes e Est\u00e1dio \u00danico de Santiago Del Estereo;<\/span><\/li>\n<li><span style=\"font-weight: 400;\">Brasil: Morumbi e Beira-Rio;<\/span><\/li>\n<li><span style=\"font-weight: 400;\">Equador: Monumental de Guayaquil;<\/span><\/li>\n<\/ul>\n<p><b>2022: <\/b><\/p>\n<ul>\n<li><span style=\"font-weight: 400;\">Argentina: Libertadores de Am\u00e9rica, El Cilindro, La Bombonera, Monumental de Nu\u00f1es, Nuevo Gas\u00f3metro, Mario Kempes e Est\u00e1dio \u00danico de Santiago Del Estereo;<\/span><\/li>\n<li><span style=\"font-weight: 400;\">Brasil: Morumbi e Beira-Rio;<\/span><\/li>\n<li><span style=\"font-weight: 400;\">Equador: Monumental de Guayaquil;<\/span><\/li>\n<li><span style=\"font-weight: 400;\">Peru: <\/span><span style=\"font-weight: 400;\">Monumental de Lima e Nacional do Peru;<\/span><\/li>\n<li><span style=\"font-weight: 400;\">Uruguai: Centen\u00e1rio;<\/span><\/li>\n<\/ul>\n<p><b>2023: <\/b><\/p>\n<ul>\n<li><span style=\"font-weight: 400;\">Argentina: <\/span><span style=\"font-weight: 400;\">Libertadores de Am\u00e9rica, El Cilindro, La Bombonera, Monumental de Nu\u00f1es, Nuevo Gas\u00f3metro, Mario Kempes e Est\u00e1dio \u00danico de Santiago Del Estereo;<\/span><\/li>\n<li><span style=\"font-weight: 400;\">Brasil: Morumbi e Beira-Rio;<\/span><\/li>\n<li><span style=\"font-weight: 400;\">Equador: Monumental de Guayaquil;<\/span><\/li>\n<li><span style=\"font-weight: 400;\">Col\u00f4mbia: <\/span><span style=\"font-weight: 400;\">Roberto Mel\u00e9ndez e Atan\u00e1sio Girardot;<\/span><\/li>\n<li><span style=\"font-weight: 400;\">Peru: <\/span><span style=\"font-weight: 400;\">Monumental de Lima e Nacional do Peru;<\/span><\/li>\n<li><span style=\"font-weight: 400;\">Uruguai: Centen\u00e1rio;<\/span><\/li>\n<\/ul>\n<p><b>Finais da Copa Sul-Americana:<\/b><\/p>\n<p><b>2021:\u00a0<\/b><\/p>\n<ul>\n<li><span style=\"font-weight: 400;\">Argentina: <\/span><span style=\"font-weight: 400;\">Libertadores de Am\u00e9rica, El Cilindro, La Bombonera, Monumental de Nu\u00f1es, Nuevo Gas\u00f3metro, Mario Kempes e Est\u00e1dio \u00danico de Santiago Del Estereo;<\/span><\/li>\n<li style=\"font-weight: 400;\" aria-level=\"1\"><span style=\"font-weight: 400;\">Brasil: Man\u00e9 Garrincha, Castel\u00e3o, Beira-Rio e Arena Pernambuco;<\/span><\/li>\n<\/ul>\n<p><b>2022:\u00a0<\/b><\/p>\n<ul>\n<li><span style=\"font-weight: 400;\">Argentina: Libertadores de Am\u00e9rica, El Cilindro, La Bombonera, Monumental de Nu\u00f1es, Nuevo Gas\u00f3metro, Mario Kempes e Est\u00e1dio \u00danico de Santiago Del Estereo;<\/span><\/li>\n<li style=\"font-weight: 400;\" aria-level=\"1\"><span style=\"font-weight: 400;\">Brasil: Man\u00e9 Garrincha, Castel\u00e3o, Beira-Rio e Arena Pernambuco;<\/span><\/li>\n<li style=\"font-weight: 400;\" aria-level=\"1\"><span style=\"font-weight: 400;\">\u00a0Peru: <\/span><span style=\"font-weight: 400;\">Monumental de Lima e Nacional do Peru;<\/span><\/li>\n<\/ul>\n<p><b>2023: <\/b><\/p>\n<ul>\n<li><span style=\"font-weight: 400;\">Argentina: <\/span><span style=\"font-weight: 400;\">Libertadores de Am\u00e9rica, El Cilindro, La Bombonera, Monumental de Nu\u00f1es, Nuevo Gas\u00f3metro, Mario Kempes e Est\u00e1dio \u00danico de Santiago Del Estereo;<\/span><\/li>\n<li style=\"font-weight: 400;\" aria-level=\"1\"><span style=\"font-weight: 400;\">Brasil: Man\u00e9 Garrincha, Castel\u00e3o, Beira-Rio e Arena Pernambuco;<\/span><\/li>\n<li style=\"font-weight: 400;\" aria-level=\"1\"><span style=\"font-weight: 400;\">\u00a0Peru: <\/span><span style=\"font-weight: 400;\">Monumental de Lima e Nacional do Peru;<\/span><\/li>\n<li style=\"font-weight: 400;\" aria-level=\"1\"><span style=\"font-weight: 400;\">\u00a0Col\u00f4mbia: <\/span><span style=\"font-weight: 400;\">Atan\u00e1sio Girardot;<\/span><\/li>\n<\/ul>\n","protected":false},"excerpt":{"rendered":"<p>A Confedera\u00e7\u00e3o Sul-Americana de Futebol (Conmebol), atualizou sua lista de poss\u00edveis sedes das pr\u00f3ximas finais da Ta\u00e7a Libertadores e da Copa Sul-Americana, entre 2021 e 2023. De acordo com o relat\u00f3rio feito ap\u00f3s realizadas as inspe\u00e7\u00f5es, a entidade m\u00e1xima de futebol sul-americano informa que o Morumbi em S\u00e3o Paulo e o Beira-Rio em Porto Alegre [&hellip;]<\/p>\n","protected":false},"author":96,"featured_media":178221,"comment_status":"closed","ping_status":"closed","sticky":false,"template":"","format":"standard","meta":{"footnotes":""},"categories":[436,257,439],"tags":[],"class_list":["post-178220","post","type-post","status-publish","format-standard","has-post-thumbnail","hentry","category-destaque-da-semana","category-esporte","category-ultima-hora"],"_links":{"self":[{"href":"https:\/\/diarioregionaldigital.com.br\/index.php?rest_route=\/wp\/v2\/posts\/178220","targetHints":{"allow":["GET"]}}],"collection":[{"href":"https:\/\/diarioregionaldigital.com.br\/index.php?rest_route=\/wp\/v2\/posts"}],"about":[{"href":"https:\/\/diarioregionaldigital.com.br\/index.php?rest_route=\/wp\/v2\/types\/post"}],"author":[{"embeddable":true,"href":"https:\/\/diarioregionaldigital.com.br\/index.php?rest_route=\/wp\/v2\/users\/96"}],"replies":[{"embeddable":true,"href":"https:\/\/diarioregionaldigital.com.br\/index.php?rest_route=%2Fwp%2Fv2%2Fcomments&post=178220"}],"version-history":[{"count":0,"href":"https:\/\/diarioregionaldigital.com.br\/index.php?rest_route=\/wp\/v2\/posts\/178220\/revisions"}],"wp:featuredmedia":[{"embeddable":true,"href":"https:\/\/diarioregionaldigital.com.br\/index.php?rest_route=\/wp\/v2\/media\/178221"}],"wp:attachment":[{"href":"https:\/\/diarioregionaldigital.com.br\/index.php?rest_route=%2Fwp%2Fv2%2Fmedia&parent=178220"}],"wp:term":[{"taxonomy":"category","embeddable":true,"href":"https:\/\/diarioregionaldigital.com.br\/index.php?rest_route=%2Fwp%2Fv2%2Fcategories&post=178220"},{"taxonomy":"post_tag","embeddable":true,"href":"https:\/\/diarioregionaldigital.com.br\/index.php?rest_route=%2Fwp%2Fv2%2Ftags&post=178220"}],"curies":[{"name":"wp","href":"https:\/\/api.w.org\/{rel}","templated":true}]}}