{"id":178217,"date":"2021-02-19T15:28:35","date_gmt":"2021-02-19T18:28:35","guid":{"rendered":"https:\/\/diarioregionaldigital.com.br\/?p=178217"},"modified":"2021-02-19T15:28:35","modified_gmt":"2021-02-19T18:28:35","slug":"alpha-tauri-apresenta-novo-carro-para-a-temporada-2021-da-f1","status":"publish","type":"post","link":"https:\/\/diarioregionaldigital.com.br\/?p=178217","title":{"rendered":"Alpha Tauri apresenta novo carro para a temporada 2021 da F1"},"content":{"rendered":"<p><span style=\"font-weight: 400;\">A Alpha Tauri apresentou na manh\u00e3 desta sexta-feira (19), o seu novo carro para a disputa da temporada 2021 da F1. O modelo batizado AT02, foi o segundo a ser divulgado nessa semana, al\u00e9m da McLaren. O conjunto \u00e9 basicamente o mesmo de 2020, mas com atualiza\u00e7\u00f5es na aerodin\u00e2mica e na unidade de pot\u00eancia fornecida pela Honda.<\/span><\/p>\n<p><span style=\"font-weight: 400;\">Neste ano a equipe contar\u00e1 com o franc\u00eas Pierre Gasly, vencedor do GP da It\u00e1lia e o novato japon\u00eas Yuki Tsunoda, que ser\u00e1 o substituto de Daniil Kvyat, que n\u00e3o teve seu contrato renovado. Para o chefe de equipe Franz Tost, o objetivo \u00e9 obter uma pontua\u00e7\u00e3o superior em rela\u00e7\u00e3o ao \u00faltimo ano e tra\u00e7a metas com a nova dupla:<\/span><\/p>\n<p><span style=\"font-weight: 400;\">\u201c<\/span><span style=\"font-weight: 400;\">Em 2020, a Scuderia Alpha Tauri era uma equipe do pelot\u00e3o intermedi\u00e1rio, no qual est\u00e1vamos lutando contra outras equipes como McLaren, Renault e Racing Point, mas nosso objetivo para este ano \u00e9 estar consistentemente no topo deste pacote e melhorar ainda mais. Para isso, temos que evitar problemas de confiabilidade e terminar todas as corridas na zona de pontua\u00e7\u00e3o. Isso s\u00f3 pode acontecer se n\u00e3o cometermos nenhum erro, ent\u00e3o temos que estar 100% concentrados em nosso trabalho, corrida ap\u00f3s corrida, dentro e fora da pista, porque nossos competidores s\u00e3o dif\u00edceis de lutar. Faremos o poss\u00edvel para proporcionar um bom show para todos os f\u00e3s de F1, que espero ver de volta na pista enchendo as arquibancadas em breve&#8221; explica.<\/span><\/p>\n<p><span style=\"font-weight: 400;\">Durante a apresenta\u00e7\u00e3o do novo carro, Pierre Gasly diz que espera ter aproveitamento regular durante a temporada, com bons resultados nas corridas e diz estar pronto para liderar a equipe:<\/span><\/p>\n<p><span style=\"font-weight: 400;\">\u201cEstou pronto para assumir o papel de l\u00edder de equipe. Yuki \u00e9 um piloto muito r\u00e1pido e ele nos ajudar\u00e1 a levar a equipe adiante &#8211; trabalharemos juntos para conseguir isso. Eu realmente acredito que o ano passado foi o melhor da equipe em termos de como trabalhou, o desenvolvimento, o desempenho e a forma como gerenciou os fins de semana de corrida. Sempre estou com fome de mais e tenho certeza de que podemos alcan\u00e7ar grandes feitos em 2021\u201d.<\/span><\/p>\n<p><span style=\"font-weight: 400;\">J\u00e1 Tsunoda fala sobre a expectativa de fazer sua estreia na principal categoria do automobilismo mundial e tra\u00e7a objetivos para o campeonato:<\/span><\/p>\n<p><span style=\"font-weight: 400;\">\u201cTive a sorte de passar algum tempo com a Scuderia Alpha Tauri antes da temporada, ent\u00e3o j\u00e1 estou desenvolvendo relacionamentos fortes e aprendendo muito com eles &#8211; incluindo Pierre, que \u00e9 um talento incr\u00edvel. Meu principal objetivo \u00e9 aprender rapidamente e entregar resultados o mais rapidamente poss\u00edvel, e estou muito animado para come\u00e7ar\u201d.<\/span><\/p>\n","protected":false},"excerpt":{"rendered":"<p>A Alpha Tauri apresentou na manh\u00e3 desta sexta-feira (19), o seu novo carro para a disputa da temporada 2021 da F1. O modelo batizado AT02, foi o segundo a ser divulgado nessa semana, al\u00e9m da McLaren. O conjunto \u00e9 basicamente o mesmo de 2020, mas com atualiza\u00e7\u00f5es na aerodin\u00e2mica e na unidade de pot\u00eancia fornecida [&hellip;]<\/p>\n","protected":false},"author":96,"featured_media":178218,"comment_status":"closed","ping_status":"closed","sticky":false,"template":"","format":"standard","meta":{"footnotes":""},"categories":[436,257,439],"tags":[],"class_list":["post-178217","post","type-post","status-publish","format-standard","has-post-thumbnail","hentry","category-destaque-da-semana","category-esporte","category-ultima-hora"],"_links":{"self":[{"href":"https:\/\/diarioregionaldigital.com.br\/index.php?rest_route=\/wp\/v2\/posts\/178217","targetHints":{"allow":["GET"]}}],"collection":[{"href":"https:\/\/diarioregionaldigital.com.br\/index.php?rest_route=\/wp\/v2\/posts"}],"about":[{"href":"https:\/\/diarioregionaldigital.com.br\/index.php?rest_route=\/wp\/v2\/types\/post"}],"author":[{"embeddable":true,"href":"https:\/\/diarioregionaldigital.com.br\/index.php?rest_route=\/wp\/v2\/users\/96"}],"replies":[{"embeddable":true,"href":"https:\/\/diarioregionaldigital.com.br\/index.php?rest_route=%2Fwp%2Fv2%2Fcomments&post=178217"}],"version-history":[{"count":0,"href":"https:\/\/diarioregionaldigital.com.br\/index.php?rest_route=\/wp\/v2\/posts\/178217\/revisions"}],"wp:featuredmedia":[{"embeddable":true,"href":"https:\/\/diarioregionaldigital.com.br\/index.php?rest_route=\/wp\/v2\/media\/178218"}],"wp:attachment":[{"href":"https:\/\/diarioregionaldigital.com.br\/index.php?rest_route=%2Fwp%2Fv2%2Fmedia&parent=178217"}],"wp:term":[{"taxonomy":"category","embeddable":true,"href":"https:\/\/diarioregionaldigital.com.br\/index.php?rest_route=%2Fwp%2Fv2%2Fcategories&post=178217"},{"taxonomy":"post_tag","embeddable":true,"href":"https:\/\/diarioregionaldigital.com.br\/index.php?rest_route=%2Fwp%2Fv2%2Ftags&post=178217"}],"curies":[{"name":"wp","href":"https:\/\/api.w.org\/{rel}","templated":true}]}}