{"id":178214,"date":"2021-02-19T14:51:40","date_gmt":"2021-02-19T17:51:40","guid":{"rendered":"https:\/\/diarioregionaldigital.com.br\/?p=178214"},"modified":"2021-02-19T14:51:40","modified_gmt":"2021-02-19T17:51:40","slug":"primeiro-ranking-da-fifa-de-2021-nao-apresenta-mudancas-no-top-10-selecao-brasileira-segue-em-terceiro-lugar","status":"publish","type":"post","link":"https:\/\/diarioregionaldigital.com.br\/?p=178214","title":{"rendered":"Primeiro ranking da FIFA de 2021 n\u00e3o apresenta mudan\u00e7as no Top 10; Sele\u00e7\u00e3o Brasileira segue em terceiro lugar"},"content":{"rendered":"<p><span style=\"font-weight: 400;\">A FIFA divulgou o primeiro ranking de 2021, mas com nenhuma altera\u00e7\u00e3o no Top 10. A lideran\u00e7a segue com a B\u00e9lgica, agora com 1.780 pontos. Logo atr\u00e1s vem a atual bicampe\u00e3 do mundo Fran\u00e7a, com 1.755. J\u00e1 a Sele\u00e7\u00e3o Brasileira permanece em terceiro lugar e agora soma 1.743 pontos.<\/span><\/p>\n<p><span style=\"font-weight: 400;\">Os dez primeiros do ranking, mantiveram suas respectivas posi\u00e7\u00f5es. Inglaterra permanece em quarto lugar, Portugal em quinto e Espanha em sexto. Logo em seguida aparecem Argentina, Uruguai,\u00a0 M\u00e9xico e It\u00e1lia em s\u00e9timo,\u00a0 oitavo, nono e d\u00e9cimo respectivamente.<\/span><\/p>\n<p><span style=\"font-weight: 400;\">No entanto, segundo a tabela divulgada pela entidade m\u00e1xima do futebol mundial, o destaque fica por conta do Marrocos, que venceu o Campeonato das Na\u00e7\u00f5es Africanas no \u00faltimo dia 7 deste m\u00eas, e ganhou duas posi\u00e7\u00f5es, ocupando a 33\u00aa posi\u00e7\u00e3o, sendo este o maior avan\u00e7o no ranking. Outra sele\u00e7\u00e3o que subiu na tabela foi Mali, vice-campe\u00e3o do torneio e ganhou mais tr\u00eas postos, aparecendo em 54\u00ba lugar.<\/span><\/p>\n<p><span style=\"font-weight: 400;\">A pr\u00f3xima edi\u00e7\u00e3o atualizada do Ranking da FIFA ser\u00e1 divulgado no dia 8 de abril.<\/span><\/p>\n<p><img decoding=\"async\" src=\"https:\/\/img.fifa.com\/image\/upload\/t_l4\/v1613638795\/hysxexr55gfgqt7eo4xk.jpg\" alt=\"FIFA\/Coca-Cola World Ranking: February 2021\" \/><\/p>\n","protected":false},"excerpt":{"rendered":"<p>A FIFA divulgou o primeiro ranking de 2021, mas com nenhuma altera\u00e7\u00e3o no Top 10. A lideran\u00e7a segue com a B\u00e9lgica, agora com 1.780 pontos. Logo atr\u00e1s vem a atual bicampe\u00e3 do mundo Fran\u00e7a, com 1.755. J\u00e1 a Sele\u00e7\u00e3o Brasileira permanece em terceiro lugar e agora soma 1.743 pontos. Os dez primeiros do ranking, mantiveram [&hellip;]<\/p>\n","protected":false},"author":96,"featured_media":178215,"comment_status":"closed","ping_status":"closed","sticky":false,"template":"","format":"standard","meta":{"footnotes":""},"categories":[436,257,439],"tags":[],"class_list":["post-178214","post","type-post","status-publish","format-standard","has-post-thumbnail","hentry","category-destaque-da-semana","category-esporte","category-ultima-hora"],"_links":{"self":[{"href":"https:\/\/diarioregionaldigital.com.br\/index.php?rest_route=\/wp\/v2\/posts\/178214","targetHints":{"allow":["GET"]}}],"collection":[{"href":"https:\/\/diarioregionaldigital.com.br\/index.php?rest_route=\/wp\/v2\/posts"}],"about":[{"href":"https:\/\/diarioregionaldigital.com.br\/index.php?rest_route=\/wp\/v2\/types\/post"}],"author":[{"embeddable":true,"href":"https:\/\/diarioregionaldigital.com.br\/index.php?rest_route=\/wp\/v2\/users\/96"}],"replies":[{"embeddable":true,"href":"https:\/\/diarioregionaldigital.com.br\/index.php?rest_route=%2Fwp%2Fv2%2Fcomments&post=178214"}],"version-history":[{"count":0,"href":"https:\/\/diarioregionaldigital.com.br\/index.php?rest_route=\/wp\/v2\/posts\/178214\/revisions"}],"wp:featuredmedia":[{"embeddable":true,"href":"https:\/\/diarioregionaldigital.com.br\/index.php?rest_route=\/wp\/v2\/media\/178215"}],"wp:attachment":[{"href":"https:\/\/diarioregionaldigital.com.br\/index.php?rest_route=%2Fwp%2Fv2%2Fmedia&parent=178214"}],"wp:term":[{"taxonomy":"category","embeddable":true,"href":"https:\/\/diarioregionaldigital.com.br\/index.php?rest_route=%2Fwp%2Fv2%2Fcategories&post=178214"},{"taxonomy":"post_tag","embeddable":true,"href":"https:\/\/diarioregionaldigital.com.br\/index.php?rest_route=%2Fwp%2Fv2%2Ftags&post=178214"}],"curies":[{"name":"wp","href":"https:\/\/api.w.org\/{rel}","templated":true}]}}