{"id":178211,"date":"2021-02-19T14:34:29","date_gmt":"2021-02-19T17:34:29","guid":{"rendered":"https:\/\/diarioregionaldigital.com.br\/?p=178211"},"modified":"2021-02-19T14:34:29","modified_gmt":"2021-02-19T17:34:29","slug":"caio-bonfim-se-prepara-para-os-jogos-olimpicos-de-toquio-de-olho-no-podio","status":"publish","type":"post","link":"https:\/\/diarioregionaldigital.com.br\/?p=178211","title":{"rendered":"Caio Bonfim se prepara para os Jogos Ol\u00edmpicos de T\u00f3quio de olho no p\u00f3dio"},"content":{"rendered":"<p><span style=\"font-weight: 400;\">O brasiliense Caio Bonfim mant\u00e9m foco total nos treinamentos, apesar das incertezas causadas pela pandemia global da COVID-19, e \u00e9 uma das esperan\u00e7as de medalha do Brasil nos Jogos Ol\u00edmpicos de T\u00f3quio-2021. Caio est\u00e1 qualificado para a competi\u00e7\u00e3o desde 2019, quando bateu o recorde brasileiro dos 20 km marcha atl\u00e9tica, com 1:18:47, no GP de La Coru\u00f1a, Espanha.<\/span><\/p>\n<p><span style=\"font-weight: 400;\">\u201cTemos trabalhado bastante. Estamos num ano diferente, mas melhor do que 2020. Algumas provas est\u00e3o acontecendo. Os campeonatos nacionais da Europa est\u00e3o sendo disputados. Isso nos deixa bem otimistas\u201d, comentou Caio, quarto colocado na prova nos Jogos do Rio-2016 e ganhador da medalha de bronze no Campeonato Mundial de Londres-2017 e o melhor marchador da hist\u00f3ria do Brasil. &#8220;A prepara\u00e7\u00e3o toda \u00e9 para chegar bem na Olimp\u00edada. Todo mundo quer brigar por medalha e eu estou no grupo.\u201d<\/span><\/p>\n<p><span style=\"font-weight: 400;\">Em conjunto com seus pais e treinadores \u2013 Jo\u00e3o Sena e Gianetti Bonfim -, Caio tem um minucioso planejamento para a Olimp\u00edada. A primeira competi\u00e7\u00e3o ser\u00e1 a Copa Brasil Caixa de Marcha Atl\u00e9tica, marcada para os dias 6 e 7 de mar\u00e7o, em sede ainda a ser definida. Em abril, ter\u00e1 o GP de Rio Maior, em Portugal, disputando depois a Copa Pan-Americana de Guayaquil, no Equador, em maio, o GP de La Coru\u00f1a e o Trof\u00e9u Brasil, ambos previstos para junho. Est\u00e3o previstos ainda dois campings internacionais. O \u00faltimo ser\u00e1 um pouco antes da Olimp\u00edada, na altitude de Serra Nevada, na Espanha.<\/span><\/p>\n<p><span style=\"font-weight: 400;\">\u201c\u00c9 muito bom competir, enfrentar seus principais advers\u00e1rios, ganhar ritmo\u201d, disse o brasiliense de 29 anos, que venceu o Trof\u00e9u Brasil, em dezembro, em S\u00e3o Paulo, pela oitava vez na carreira. Foi uma das poucas competi\u00e7\u00f5es do ano. Ele ganhou tamb\u00e9m o t\u00edtulo da Copa Brasil e do Campeonato Sul-Americano de Marcha Atl\u00e9tica de Lima. Ele tamb\u00e9m \u00e9 recordista brasileiro dos 50 km, com 3:47:02, tempo obtido com o nono lugar no Rio-2016.\u00a0<\/span><\/p>\n<p><span style=\"font-weight: 400;\">O treinador Jo\u00e3o Sena est\u00e1 satisfeito com os treinamentos de seu filho e atleta em Sobradinho (DF). \u201cEle est\u00e1 muito bem. Tem feito treinos excelentes. Em janeiro, passou por uma s\u00e9rie de avalia\u00e7\u00f5es no Laborat\u00f3rio Ol\u00edmpico do COB, no Rio de Janeiro, que demonstraram que ele est\u00e1 em forma\u201d, lembrou. \u201cO que est\u00e1 faltando \u00e9 ritmo de competi\u00e7\u00e3o. \u00c9 igual jogador de futebol quando fica muito tempo sem atuar.\u201d<\/span><\/p>\n<p><span style=\"font-weight: 400;\">As provas de marcha atl\u00e9tica e as maratonas ser\u00e3o disputadas na cidade de Sapporo, capital da prov\u00edncia de Hokkaido, no norte do Jap\u00e3o. A mudan\u00e7a foi anunciada em 2019 pelos organizadores e o Comit\u00ea Ol\u00edmpico Internacional por causa das altas temperaturas esperadas em julho e agosto em T\u00f3quio.<\/span><\/p>\n<p><span style=\"font-weight: 400;\">Al\u00e9m da medalha de bronze no Mundial de Londres, Caio tem entre as suas principais conquistas a prata e o bronze nos Jogos Pan-Americanos de Lima-2019 e de Toronto-2015, respectivamente<\/span><\/p>\n<p><strong>Fonte:<\/strong> COB<\/p>\n","protected":false},"excerpt":{"rendered":"<p>O brasiliense Caio Bonfim mant\u00e9m foco total nos treinamentos, apesar das incertezas causadas pela pandemia global da COVID-19, e \u00e9 uma das esperan\u00e7as de medalha do Brasil nos Jogos Ol\u00edmpicos de T\u00f3quio-2021. Caio est\u00e1 qualificado para a competi\u00e7\u00e3o desde 2019, quando bateu o recorde brasileiro dos 20 km marcha atl\u00e9tica, com 1:18:47, no GP de [&hellip;]<\/p>\n","protected":false},"author":96,"featured_media":178212,"comment_status":"closed","ping_status":"closed","sticky":false,"template":"","format":"standard","meta":{"footnotes":""},"categories":[436,257,439],"tags":[],"class_list":["post-178211","post","type-post","status-publish","format-standard","has-post-thumbnail","hentry","category-destaque-da-semana","category-esporte","category-ultima-hora"],"_links":{"self":[{"href":"https:\/\/diarioregionaldigital.com.br\/index.php?rest_route=\/wp\/v2\/posts\/178211","targetHints":{"allow":["GET"]}}],"collection":[{"href":"https:\/\/diarioregionaldigital.com.br\/index.php?rest_route=\/wp\/v2\/posts"}],"about":[{"href":"https:\/\/diarioregionaldigital.com.br\/index.php?rest_route=\/wp\/v2\/types\/post"}],"author":[{"embeddable":true,"href":"https:\/\/diarioregionaldigital.com.br\/index.php?rest_route=\/wp\/v2\/users\/96"}],"replies":[{"embeddable":true,"href":"https:\/\/diarioregionaldigital.com.br\/index.php?rest_route=%2Fwp%2Fv2%2Fcomments&post=178211"}],"version-history":[{"count":0,"href":"https:\/\/diarioregionaldigital.com.br\/index.php?rest_route=\/wp\/v2\/posts\/178211\/revisions"}],"wp:featuredmedia":[{"embeddable":true,"href":"https:\/\/diarioregionaldigital.com.br\/index.php?rest_route=\/wp\/v2\/media\/178212"}],"wp:attachment":[{"href":"https:\/\/diarioregionaldigital.com.br\/index.php?rest_route=%2Fwp%2Fv2%2Fmedia&parent=178211"}],"wp:term":[{"taxonomy":"category","embeddable":true,"href":"https:\/\/diarioregionaldigital.com.br\/index.php?rest_route=%2Fwp%2Fv2%2Fcategories&post=178211"},{"taxonomy":"post_tag","embeddable":true,"href":"https:\/\/diarioregionaldigital.com.br\/index.php?rest_route=%2Fwp%2Fv2%2Ftags&post=178211"}],"curies":[{"name":"wp","href":"https:\/\/api.w.org\/{rel}","templated":true}]}}