{"id":178206,"date":"2021-02-19T14:23:46","date_gmt":"2021-02-19T17:23:46","guid":{"rendered":"https:\/\/diarioregionaldigital.com.br\/?p=178206"},"modified":"2021-02-23T14:17:36","modified_gmt":"2021-02-23T17:17:36","slug":"mulher-e-assaltada-na-noite-de-ontem-no-bairro-estrela-sul","status":"publish","type":"post","link":"https:\/\/diarioregionaldigital.com.br\/?p=178206","title":{"rendered":"Mulher \u00e9 assaltada na noite de ontem no Bairro Estrela Sul"},"content":{"rendered":"<p>Na noite de quinta-feira (18), a Pol\u00edcia Militar (PM) recebeu informa\u00e7\u00f5es sobre uma mulher de 37 anos, que havia sido v\u00edtima de assalto no Bairro Estrela Sul (Regi\u00e3o Sul) em Juiz de Fora. A guarni\u00e7\u00e3o compareceu ao local e em conversas com a v\u00edtima, esta relatou que transitava pelo local quando foi abordada por dois indiv\u00edduos suspeitos, que usando de for\u00e7a f\u00edsica, roubaram sua bolsa contendo pertences pessoais, R$ 12 em dinheiro, um celular e um cart\u00e3o de cr\u00e9dito. A PM segue em busca dos envolvidos.<\/p>\n","protected":false},"excerpt":{"rendered":"<p>Na noite de quinta-feira (18), a Pol\u00edcia Militar (PM) recebeu informa\u00e7\u00f5es sobre uma mulher de 37 anos, que havia sido v\u00edtima de assalto no Bairro Estrela Sul (Regi\u00e3o Sul) em Juiz de Fora. A guarni\u00e7\u00e3o compareceu ao local e em conversas com a v\u00edtima, esta relatou que transitava pelo local quando foi abordada por dois [&hellip;]<\/p>\n","protected":false},"author":96,"featured_media":177275,"comment_status":"closed","ping_status":"closed","sticky":false,"template":"","format":"standard","meta":{"footnotes":""},"categories":[301,436,439],"tags":[],"class_list":["post-178206","post","type-post","status-publish","format-standard","has-post-thumbnail","hentry","category-artigos-policiais","category-destaque-da-semana","category-ultima-hora"],"_links":{"self":[{"href":"https:\/\/diarioregionaldigital.com.br\/index.php?rest_route=\/wp\/v2\/posts\/178206","targetHints":{"allow":["GET"]}}],"collection":[{"href":"https:\/\/diarioregionaldigital.com.br\/index.php?rest_route=\/wp\/v2\/posts"}],"about":[{"href":"https:\/\/diarioregionaldigital.com.br\/index.php?rest_route=\/wp\/v2\/types\/post"}],"author":[{"embeddable":true,"href":"https:\/\/diarioregionaldigital.com.br\/index.php?rest_route=\/wp\/v2\/users\/96"}],"replies":[{"embeddable":true,"href":"https:\/\/diarioregionaldigital.com.br\/index.php?rest_route=%2Fwp%2Fv2%2Fcomments&post=178206"}],"version-history":[{"count":0,"href":"https:\/\/diarioregionaldigital.com.br\/index.php?rest_route=\/wp\/v2\/posts\/178206\/revisions"}],"wp:featuredmedia":[{"embeddable":true,"href":"https:\/\/diarioregionaldigital.com.br\/index.php?rest_route=\/wp\/v2\/media\/177275"}],"wp:attachment":[{"href":"https:\/\/diarioregionaldigital.com.br\/index.php?rest_route=%2Fwp%2Fv2%2Fmedia&parent=178206"}],"wp:term":[{"taxonomy":"category","embeddable":true,"href":"https:\/\/diarioregionaldigital.com.br\/index.php?rest_route=%2Fwp%2Fv2%2Fcategories&post=178206"},{"taxonomy":"post_tag","embeddable":true,"href":"https:\/\/diarioregionaldigital.com.br\/index.php?rest_route=%2Fwp%2Fv2%2Ftags&post=178206"}],"curies":[{"name":"wp","href":"https:\/\/api.w.org\/{rel}","templated":true}]}}