{"id":178203,"date":"2021-02-19T14:18:22","date_gmt":"2021-02-19T17:18:22","guid":{"rendered":"https:\/\/diarioregionaldigital.com.br\/?p=178203"},"modified":"2021-02-19T14:18:22","modified_gmt":"2021-02-19T17:18:22","slug":"individuo-e-preso-apos-assaltar-imobiliaria-no-bairro-granbery","status":"publish","type":"post","link":"https:\/\/diarioregionaldigital.com.br\/?p=178203","title":{"rendered":"Indiv\u00edduo \u00e9 preso ap\u00f3s assaltar imobili\u00e1ria no Bairro Granbery"},"content":{"rendered":"<p>Na manh\u00e3 de quinta-feira (18), a Pol\u00edcia Militar (PM) foi acionada para atender a uma den\u00fancia de roubo em uma imobili\u00e1ria no Bairro Granbery (Regi\u00e3o Central) em Juiz de Fora. Os funcion\u00e1rios do estabelecimento, duas mulheres de 24 e 41 anos relataram que por volta das 09h30, um rapaz em atitude suspeita entrou no local. Uma delas foi abordada e o autor mostrou que tinha uma arma de fogo na cintura. O mesmo exigiu que a v\u00edtima entregasse o telefone celular, que mesmo ter recusado, teve o objeto subtra\u00eddo pelo infrator.<\/p>\n<p>Logo em seguida, o mesmo se dirigiu at\u00e9 o balc\u00e3o e roubou o celular da empresa. Durante a a\u00e7\u00e3o, a v\u00edtima conseguiu chamar aten\u00e7\u00e3o da funcion\u00e1ria de 24 anos que estava na sobreloja e ao descer para verificar o que estava acontecendo, tamb\u00e9m foi amea\u00e7ada com a aparente arma que o autor portava. Ap\u00f3s o ato, o indiv\u00edduo fugiu em dire\u00e7\u00e3o \u00e0 Rua Esp\u00edrito Santo.<\/p>\n<p>De posse das informa\u00e7\u00f5es, a PM realizou intenso rastreamento, e recebeu informa\u00e7\u00f5es que o homem teria deslocado de t\u00e1xi para o Bairro JK e de l\u00e1 pegou um \u00f4nibus coletivo para o Bairro Parque Burnier. Durante as dilig\u00eancias, os policiais encontraram o autor e este tentou empreender fuga do local, mas foi interceptado pela guarni\u00e7\u00e3o. Durante o trajeto de fuga, tentou se desfazer de um simulacro de arma de fogo tipo pistola.<\/p>\n<p>As vestimentas usadas no crime e um outro simulacro de pistola foram encontrados na resid\u00eancia do homem de 40 anos, que teve a autoria confirmada por imagens de uma c\u00e2mera de seguran\u00e7a pr\u00f3ximo ao local do fato. O aparelho funcional da empresa foi recuperado no momento da pris\u00e3o.<\/p>\n","protected":false},"excerpt":{"rendered":"<p>Na manh\u00e3 de quinta-feira (18), a Pol\u00edcia Militar (PM) foi acionada para atender a uma den\u00fancia de roubo em uma imobili\u00e1ria no Bairro Granbery (Regi\u00e3o Central) em Juiz de Fora. Os funcion\u00e1rios do estabelecimento, duas mulheres de 24 e 41 anos relataram que por volta das 09h30, um rapaz em atitude suspeita entrou no local. [&hellip;]<\/p>\n","protected":false},"author":96,"featured_media":178204,"comment_status":"closed","ping_status":"closed","sticky":false,"template":"","format":"standard","meta":{"footnotes":""},"categories":[301,436,439],"tags":[],"class_list":["post-178203","post","type-post","status-publish","format-standard","has-post-thumbnail","hentry","category-artigos-policiais","category-destaque-da-semana","category-ultima-hora"],"_links":{"self":[{"href":"https:\/\/diarioregionaldigital.com.br\/index.php?rest_route=\/wp\/v2\/posts\/178203","targetHints":{"allow":["GET"]}}],"collection":[{"href":"https:\/\/diarioregionaldigital.com.br\/index.php?rest_route=\/wp\/v2\/posts"}],"about":[{"href":"https:\/\/diarioregionaldigital.com.br\/index.php?rest_route=\/wp\/v2\/types\/post"}],"author":[{"embeddable":true,"href":"https:\/\/diarioregionaldigital.com.br\/index.php?rest_route=\/wp\/v2\/users\/96"}],"replies":[{"embeddable":true,"href":"https:\/\/diarioregionaldigital.com.br\/index.php?rest_route=%2Fwp%2Fv2%2Fcomments&post=178203"}],"version-history":[{"count":0,"href":"https:\/\/diarioregionaldigital.com.br\/index.php?rest_route=\/wp\/v2\/posts\/178203\/revisions"}],"wp:featuredmedia":[{"embeddable":true,"href":"https:\/\/diarioregionaldigital.com.br\/index.php?rest_route=\/wp\/v2\/media\/178204"}],"wp:attachment":[{"href":"https:\/\/diarioregionaldigital.com.br\/index.php?rest_route=%2Fwp%2Fv2%2Fmedia&parent=178203"}],"wp:term":[{"taxonomy":"category","embeddable":true,"href":"https:\/\/diarioregionaldigital.com.br\/index.php?rest_route=%2Fwp%2Fv2%2Fcategories&post=178203"},{"taxonomy":"post_tag","embeddable":true,"href":"https:\/\/diarioregionaldigital.com.br\/index.php?rest_route=%2Fwp%2Fv2%2Ftags&post=178203"}],"curies":[{"name":"wp","href":"https:\/\/api.w.org\/{rel}","templated":true}]}}