{"id":178200,"date":"2021-02-19T14:05:57","date_gmt":"2021-02-19T17:05:57","guid":{"rendered":"https:\/\/diarioregionaldigital.com.br\/?p=178200"},"modified":"2021-02-19T14:05:57","modified_gmt":"2021-02-19T17:05:57","slug":"estao-abertas-as-inscricoes-para-o-50o-festival-nacional-da-cancao","status":"publish","type":"post","link":"https:\/\/diarioregionaldigital.com.br\/?p=178200","title":{"rendered":"Est\u00e3o abertas as inscri\u00e7\u00f5es para o 50\u00ba Festival Nacional da Can\u00e7\u00e3o"},"content":{"rendered":"<p><span style=\"font-weight: 400;\">Para celebrar o anivers\u00e1rio de 300 anos de Minas Gerais, o 50\u00ba Festival Nacional da Can\u00e7\u00e3o est\u00e1 com as inscri\u00e7\u00f5es abertas para uma edi\u00e7\u00e3o especial online, em homenagem ao estado. Criado em 1971, o evento \u00e9\u00a0 respons\u00e1vel por abrir portas para m\u00fasicos e compositores de todo o Brasil, al\u00e9m de contar com a participa\u00e7\u00e3o de artistas j\u00e1 consagrados. Conta com o apoio do Secult e Governo de Minas Gerais, Secretaria Especial da Cultura, Minist\u00e9rio do Turismo e Governo Federal.<\/span><\/p>\n<p><span style=\"font-weight: 400;\">Compositores nascidos ou que moram em Minas Gerais podem inscrever suas m\u00fasicas\u00a0 at\u00e9 o dia 31 de mar\u00e7o, pelo site www.festivalnacionaldacancao.com.br. Mais informa\u00e7\u00f5es sobre o evento e o regulamento completo podem ser encontrados no referido portal.<\/span><\/p>\n<p><span style=\"font-weight: 400;\">Minas Gerais, terra de Milton Nascimento, L\u00f4 Borges, Toninho Horta,\u00a0 Fl\u00e1vio e Claudio Venturini, Beto Guedes, Wagner Tiso, Tavinho Moura e tantos outros artistas consagrados da m\u00fasica popular Brasileira, agora recebe uma edi\u00e7\u00e3o especial do maior Festival da Can\u00e7\u00e3o do Brasil.<\/span><\/p>\n<p><span style=\"font-weight: 400;\">Dentre as m\u00fasicas inscritas no festival, 20 ser\u00e3o selecionadas durante a realiza\u00e7\u00e3o do evento nos dias <\/span><span style=\"font-weight: 400;\">23 e 24 de abril de forma online, com transmiss\u00e3o pelo facebook e youtube do festival. Cada can\u00e7\u00e3o selecionada vai receber R$ 1.500 reais de premia\u00e7\u00e3o e tamb\u00e9m j\u00e1 estar\u00e3o classificadas para a pr\u00f3xima edi\u00e7\u00e3o presencial do Festival Nacional da Can\u00e7\u00e3o.<\/span><\/p>\n<p>&nbsp;<\/p>\n","protected":false},"excerpt":{"rendered":"<p>Para celebrar o anivers\u00e1rio de 300 anos de Minas Gerais, o 50\u00ba Festival Nacional da Can\u00e7\u00e3o est\u00e1 com as inscri\u00e7\u00f5es abertas para uma edi\u00e7\u00e3o especial online, em homenagem ao estado. Criado em 1971, o evento \u00e9\u00a0 respons\u00e1vel por abrir portas para m\u00fasicos e compositores de todo o Brasil, al\u00e9m de contar com a participa\u00e7\u00e3o de [&hellip;]<\/p>\n","protected":false},"author":96,"featured_media":178201,"comment_status":"closed","ping_status":"closed","sticky":false,"template":"","format":"standard","meta":{"footnotes":""},"categories":[256,436,439],"tags":[],"class_list":["post-178200","post","type-post","status-publish","format-standard","has-post-thumbnail","hentry","category-cultura","category-destaque-da-semana","category-ultima-hora"],"_links":{"self":[{"href":"https:\/\/diarioregionaldigital.com.br\/index.php?rest_route=\/wp\/v2\/posts\/178200","targetHints":{"allow":["GET"]}}],"collection":[{"href":"https:\/\/diarioregionaldigital.com.br\/index.php?rest_route=\/wp\/v2\/posts"}],"about":[{"href":"https:\/\/diarioregionaldigital.com.br\/index.php?rest_route=\/wp\/v2\/types\/post"}],"author":[{"embeddable":true,"href":"https:\/\/diarioregionaldigital.com.br\/index.php?rest_route=\/wp\/v2\/users\/96"}],"replies":[{"embeddable":true,"href":"https:\/\/diarioregionaldigital.com.br\/index.php?rest_route=%2Fwp%2Fv2%2Fcomments&post=178200"}],"version-history":[{"count":0,"href":"https:\/\/diarioregionaldigital.com.br\/index.php?rest_route=\/wp\/v2\/posts\/178200\/revisions"}],"wp:featuredmedia":[{"embeddable":true,"href":"https:\/\/diarioregionaldigital.com.br\/index.php?rest_route=\/wp\/v2\/media\/178201"}],"wp:attachment":[{"href":"https:\/\/diarioregionaldigital.com.br\/index.php?rest_route=%2Fwp%2Fv2%2Fmedia&parent=178200"}],"wp:term":[{"taxonomy":"category","embeddable":true,"href":"https:\/\/diarioregionaldigital.com.br\/index.php?rest_route=%2Fwp%2Fv2%2Fcategories&post=178200"},{"taxonomy":"post_tag","embeddable":true,"href":"https:\/\/diarioregionaldigital.com.br\/index.php?rest_route=%2Fwp%2Fv2%2Ftags&post=178200"}],"curies":[{"name":"wp","href":"https:\/\/api.w.org\/{rel}","templated":true}]}}