{"id":178197,"date":"2021-02-19T13:57:44","date_gmt":"2021-02-19T16:57:44","guid":{"rendered":"https:\/\/diarioregionaldigital.com.br\/?p=178197"},"modified":"2021-02-19T13:57:44","modified_gmt":"2021-02-19T16:57:44","slug":"fiscalizacao-pela-vida-divulga-balanco-da-operacao-carnaval","status":"publish","type":"post","link":"https:\/\/diarioregionaldigital.com.br\/?p=178197","title":{"rendered":"Fiscaliza\u00e7\u00e3o pela Vida divulga balan\u00e7o da Opera\u00e7\u00e3o Carnaval"},"content":{"rendered":"<p><span style=\"font-weight: 400;\">A opera\u00e7\u00e3o Fiscaliza\u00e7\u00e3o pela vida apresentou, na quarta-feira (17), relat\u00f3rio que contempla o resultado das a\u00e7\u00f5es realizadas entre os dias 12 e 16 de fevereiro, durante o per\u00edodo de carnaval.<\/span><\/p>\n<p><span style=\"font-weight: 400;\">A Prefeitura de Juiz de Fora (PJF) recebeu, nestes dias, 150 den\u00fancias sobre situa\u00e7\u00f5es de desrespeito aos protocolos de seguran\u00e7a e risco \u00e0 sa\u00fade p\u00fablica. As informa\u00e7\u00f5es foram acolhidas por meio dos canais de comunica\u00e7\u00e3o disponibilizados pela Prefeitura para atendimento das den\u00fancias sobre situa\u00e7\u00f5es de desrespeito \u00e0s normas de combate e controle da pandemia no munic\u00edpio.<\/span><\/p>\n<p><span style=\"font-weight: 400;\">Ao final da opera\u00e7\u00e3o, foram lavrados, aproximadamente, 90 documentos fiscais relativos \u00e0 Covid 19. Destes, somente tr\u00eas foram auto de interdi\u00e7\u00e3o.<\/span><\/p>\n<p><span style=\"font-weight: 400;\">A a\u00e7\u00e3o conjunta tamb\u00e9m conseguiu interromper seis eventos nos bairros Amaz\u00f4nia, Progresso, Santos Dumont, Benfica, Granjas Triunfo e tamb\u00e9m uma casa de festas.<\/span><\/p>\n<p><span style=\"font-weight: 400;\">Todas as interven\u00e7\u00f5es realizadas pelas equipes da \u201cFiscaliza\u00e7\u00e3o pela Vida\u201d foram pac\u00edficas, inclusive na desmobiliza\u00e7\u00e3o de evento de rua. \u00c9 importante evidenciar que a integra\u00e7\u00e3o das parcerias no acolhimento das demandas permitiu realizar os atendimentos com maior agilidade e seguran\u00e7a, abrangendo todas as regi\u00f5es da cidade.<\/span><\/p>\n<p><span style=\"font-weight: 400;\">O gerente do departamento de fiscaliza\u00e7\u00e3o ambiental e urbana da Sesmaur, Claudio Perobelli, esclareceu que \u201ca opera\u00e7\u00e3o Fiscaliza\u00e7\u00e3o pela Vida durante o carnaval teve como objetivo fazer cumprir as determina\u00e7\u00f5es e os protocolos sanit\u00e1rios do Decreto 14276\/2021 e suas altera\u00e7\u00f5es, evitando eventos, festas e aglomera\u00e7\u00f5es de pessoas. Dessa forma, em parceria com outros \u00f3rg\u00e3os, os Fiscais de Posturas Municipais contribu\u00edram para evitar situa\u00e7\u00f5es de grande poder de transmiss\u00e3o da Covid-19. Destaco que somente a repress\u00e3o n\u00e3o ser\u00e1 suficiente para reduzir a taxa de transmiss\u00e3o do coronav\u00edrus. \u00c9 preciso que cada pessoa contribua nesse momento triste pelo qual estamos passando, evitando comportamentos que aumentam o risco de contamina\u00e7\u00e3o\u201d.<\/span><\/p>\n<p><span style=\"font-weight: 400;\">Para o comandante da Guarda Municipal, Leandro Lisboa, a integra\u00e7\u00e3o na realiza\u00e7\u00e3o desta miss\u00e3o, possibilita atingir melhores resultados em prol das normas de sa\u00fade, as quais, neste momento, s\u00e3o fundamentais para a preserva\u00e7\u00e3o da vida.<\/span><\/p>\n<p><span style=\"font-weight: 400;\">O Agente de Tr\u00e2nsito da SMU, Cledson Nogueira, disse ser de grande valia a participa\u00e7\u00e3o da equipe na opera\u00e7\u00e3o, juntamente com os outros \u00f3rg\u00e3os parceiros, nesta miss\u00e3o de evitar a aglomera\u00e7\u00e3o e estimular a conscientiza\u00e7\u00e3o das pessoas com rela\u00e7\u00e3o ao uso de m\u00e1scaras e, consequentemente, protegendo a vida de todos. \u201cEstamos honrados nessa contribui\u00e7\u00e3o como fiscais e tamb\u00e9m como cidad\u00e3os\u201d.<\/span><\/p>\n<p><span style=\"font-weight: 400;\">Segundo o coronel Ne\u00edr Adriano, respons\u00e1vel pelo comando da 4\u00aa Regi\u00e3o da PM, \u201ctodos os esfor\u00e7os de efetivo e log\u00edstica, tanto no operacional quanto no efetivo administrativo, foram empregados nas ruas, em opera\u00e7\u00f5es preventivas e repressivas, com a finalidade de garantir a seguran\u00e7a e a tranquilidade p\u00fablica. Dentro de esfor\u00e7o, em parceria com a PJF e outros \u00f3rg\u00e3os, a PM integrou a equipe de Fiscaliza\u00e7\u00e3o pela Vida, garantindo o poder de pol\u00edcia dos \u00f3rg\u00e3os de fiscaliza\u00e7\u00e3o, atuando para evitar a ocorr\u00eancia dos eventos n\u00e3o autorizados e cumprindo os decretos e leis espec\u00edficas.\u201d<\/span><\/p>\n<p><b>Entenda a opera\u00e7\u00e3o<\/b><\/p>\n<p><span style=\"font-weight: 400;\">A opera\u00e7\u00e3o Fiscaliza\u00e7\u00e3o pela Vida \u00e9 uma atua\u00e7\u00e3o conjunta dos Fiscais de Posturas, da Secretaria de Sustentabilidade em Meio Ambiente e Atividades Urbanas (Sesmaur); dos Guardas Municipais, da Secretaria de Seguran\u00e7a Urbana e Cidadania (Sesuc); dos agentes de transporte e tr\u00e2nsito, da Secretaria de Mobilidade Urbana(SMU); e da Pol\u00edcia Militar de Minas Gerais.<\/span><\/p>\n<p><span style=\"font-weight: 400;\">O objetivo das a\u00e7\u00f5es \u00e9 orientar, fiscalizar e garantir que os cuidados e protocolos de seguran\u00e7a sanit\u00e1rios relacionados \u00e0 pandemia sejam respeitados rigidamente na cidade.<\/span><\/p>\n<p><strong>Fonte: <\/strong>Assessoria<\/p>\n","protected":false},"excerpt":{"rendered":"<p>A opera\u00e7\u00e3o Fiscaliza\u00e7\u00e3o pela vida apresentou, na quarta-feira (17), relat\u00f3rio que contempla o resultado das a\u00e7\u00f5es realizadas entre os dias 12 e 16 de fevereiro, durante o per\u00edodo de carnaval. A Prefeitura de Juiz de Fora (PJF) recebeu, nestes dias, 150 den\u00fancias sobre situa\u00e7\u00f5es de desrespeito aos protocolos de seguran\u00e7a e risco \u00e0 sa\u00fade p\u00fablica. [&hellip;]<\/p>\n","protected":false},"author":96,"featured_media":178198,"comment_status":"closed","ping_status":"closed","sticky":false,"template":"","format":"standard","meta":{"footnotes":""},"categories":[253,436,440,439],"tags":[],"class_list":["post-178197","post","type-post","status-publish","format-standard","has-post-thumbnail","hentry","category-cidade","category-destaque-da-semana","category-destaques-do-dia","category-ultima-hora"],"_links":{"self":[{"href":"https:\/\/diarioregionaldigital.com.br\/index.php?rest_route=\/wp\/v2\/posts\/178197","targetHints":{"allow":["GET"]}}],"collection":[{"href":"https:\/\/diarioregionaldigital.com.br\/index.php?rest_route=\/wp\/v2\/posts"}],"about":[{"href":"https:\/\/diarioregionaldigital.com.br\/index.php?rest_route=\/wp\/v2\/types\/post"}],"author":[{"embeddable":true,"href":"https:\/\/diarioregionaldigital.com.br\/index.php?rest_route=\/wp\/v2\/users\/96"}],"replies":[{"embeddable":true,"href":"https:\/\/diarioregionaldigital.com.br\/index.php?rest_route=%2Fwp%2Fv2%2Fcomments&post=178197"}],"version-history":[{"count":0,"href":"https:\/\/diarioregionaldigital.com.br\/index.php?rest_route=\/wp\/v2\/posts\/178197\/revisions"}],"wp:featuredmedia":[{"embeddable":true,"href":"https:\/\/diarioregionaldigital.com.br\/index.php?rest_route=\/wp\/v2\/media\/178198"}],"wp:attachment":[{"href":"https:\/\/diarioregionaldigital.com.br\/index.php?rest_route=%2Fwp%2Fv2%2Fmedia&parent=178197"}],"wp:term":[{"taxonomy":"category","embeddable":true,"href":"https:\/\/diarioregionaldigital.com.br\/index.php?rest_route=%2Fwp%2Fv2%2Fcategories&post=178197"},{"taxonomy":"post_tag","embeddable":true,"href":"https:\/\/diarioregionaldigital.com.br\/index.php?rest_route=%2Fwp%2Fv2%2Ftags&post=178197"}],"curies":[{"name":"wp","href":"https:\/\/api.w.org\/{rel}","templated":true}]}}