{"id":177766,"date":"2021-02-10T18:37:41","date_gmt":"2021-02-10T21:37:41","guid":{"rendered":"https:\/\/diarioregionaldigital.com.br\/?p=177766"},"modified":"2021-02-10T18:37:41","modified_gmt":"2021-02-10T21:37:41","slug":"lanchonete-localizada-no-bairro-sao-pedro-e-assaltada-por-dois-individuos","status":"publish","type":"post","link":"https:\/\/diarioregionaldigital.com.br\/?p=177766","title":{"rendered":"Lanchonete localizada no Bairro S\u00e3o Pedro \u00e9 assaltada por dois indiv\u00edduos"},"content":{"rendered":"<p>Na madrugada desta quarta-feira (10), uma lanchonete localizada no Bairro S\u00e3o Pedro (Cidade Alta), foi assaltada por dois indiv\u00edduos. Segundo o Boletim de Ocorr\u00eancias (BO) da Pol\u00edcia Militar (PM), o propriet\u00e1rio do estabelecimento, homem de 30, e o funcion\u00e1rio, 33 anos, relataram que um dos autores estava com posse de arma de fogo e fez amea\u00e7as. Durante o ato criminoso, os suspeitos levaram a quantia de R$400 em dinheiro e um telefone celular. Posteriormente, os indiv\u00edduos fugiram do local e a PM segue com o trabalho de rastreamento.<\/p>\n","protected":false},"excerpt":{"rendered":"<p>Na madrugada desta quarta-feira (10), uma lanchonete localizada no Bairro S\u00e3o Pedro (Cidade Alta), foi assaltada por dois indiv\u00edduos. Segundo o Boletim de Ocorr\u00eancias (BO) da Pol\u00edcia Militar (PM), o propriet\u00e1rio do estabelecimento, homem de 30, e o funcion\u00e1rio, 33 anos, relataram que um dos autores estava com posse de arma de fogo e fez [&hellip;]<\/p>\n","protected":false},"author":96,"featured_media":177275,"comment_status":"closed","ping_status":"closed","sticky":false,"template":"","format":"standard","meta":{"footnotes":""},"categories":[301,436,439],"tags":[],"class_list":["post-177766","post","type-post","status-publish","format-standard","has-post-thumbnail","hentry","category-artigos-policiais","category-destaque-da-semana","category-ultima-hora"],"_links":{"self":[{"href":"https:\/\/diarioregionaldigital.com.br\/index.php?rest_route=\/wp\/v2\/posts\/177766","targetHints":{"allow":["GET"]}}],"collection":[{"href":"https:\/\/diarioregionaldigital.com.br\/index.php?rest_route=\/wp\/v2\/posts"}],"about":[{"href":"https:\/\/diarioregionaldigital.com.br\/index.php?rest_route=\/wp\/v2\/types\/post"}],"author":[{"embeddable":true,"href":"https:\/\/diarioregionaldigital.com.br\/index.php?rest_route=\/wp\/v2\/users\/96"}],"replies":[{"embeddable":true,"href":"https:\/\/diarioregionaldigital.com.br\/index.php?rest_route=%2Fwp%2Fv2%2Fcomments&post=177766"}],"version-history":[{"count":0,"href":"https:\/\/diarioregionaldigital.com.br\/index.php?rest_route=\/wp\/v2\/posts\/177766\/revisions"}],"wp:featuredmedia":[{"embeddable":true,"href":"https:\/\/diarioregionaldigital.com.br\/index.php?rest_route=\/wp\/v2\/media\/177275"}],"wp:attachment":[{"href":"https:\/\/diarioregionaldigital.com.br\/index.php?rest_route=%2Fwp%2Fv2%2Fmedia&parent=177766"}],"wp:term":[{"taxonomy":"category","embeddable":true,"href":"https:\/\/diarioregionaldigital.com.br\/index.php?rest_route=%2Fwp%2Fv2%2Fcategories&post=177766"},{"taxonomy":"post_tag","embeddable":true,"href":"https:\/\/diarioregionaldigital.com.br\/index.php?rest_route=%2Fwp%2Fv2%2Ftags&post=177766"}],"curies":[{"name":"wp","href":"https:\/\/api.w.org\/{rel}","templated":true}]}}