{"id":177763,"date":"2021-02-10T18:33:28","date_gmt":"2021-02-10T21:33:28","guid":{"rendered":"https:\/\/diarioregionaldigital.com.br\/?p=177763"},"modified":"2021-02-10T18:33:28","modified_gmt":"2021-02-10T21:33:28","slug":"comitiva-da-prefeitura-de-ponte-nova-faz-visita-tecnica-a-funalfa","status":"publish","type":"post","link":"https:\/\/diarioregionaldigital.com.br\/?p=177763","title":{"rendered":"Comitiva da Prefeitura de Ponte Nova faz visita t\u00e9cnica \u00e0 Funalfa"},"content":{"rendered":"<div id=\"box_texto_noticia\">A diretora-geral da Funalfa, Giane Elisa, recebeu, nesta quarta-feira, 10, o chefe do Departamento de Cultura de Ponte Nova, Marcelo de Carvalho Fonseca, acompanhado por outros tr\u00eas representantes do Executivo da cidade vizinha. O grupo veio conhecer as instala\u00e7\u00f5es do Museu Ferrovi\u00e1rio (Avenida Brasil 2.001 \u2013 Centro) e apurar informa\u00e7\u00f5es t\u00e9cnicas, hist\u00f3ricas e de gest\u00e3o do equipamento urbano, que \u00e9 mantido pela Prefeitura de Juiz de Fora e gerido pela Funalfa.<\/p>\n<p>Giane e sua equipe de gerentes explanaram sobre diversos aspectos, como o processo de instala\u00e7\u00e3o, a modalidade de gest\u00e3o e o hist\u00f3rico do Museu Ferrovi\u00e1rio, tendo em vista que a Prefeitura de Ponte Nova pretende implantar um equipamento similar no munic\u00edpio. \u201cViemos pegar desde ideias de gest\u00e3o at\u00e9 formas de exposi\u00e7\u00e3o do acervo,\u201d explicou Fonseca, acrescentando que a cidade j\u00e1 possui pe\u00e7as como vag\u00e3o, trilhos e chaves de manobra. \u201cAgora que estamos tirando a ideia do museu do papel, vamos iniciar uma campanha para que a popula\u00e7\u00e3o doe itens menores, como fotografias e filmes, al\u00e9m de contribu\u00edrem como relatos orais.\u201d<\/p>\n<p>O coordenador de Patrim\u00f4nio de Ponte Nova, Matheus de Oliveira, explica que a hist\u00f3ria da cidade guarda rela\u00e7\u00f5es profundas com a ferrovia. \u201cNossa regi\u00e3o se desenvolveu a partir da implanta\u00e7\u00e3o do trem de ferro, que chegou em 1886, permitindo o escoamento da cana-de-a\u00e7\u00facar e promovendo aproxima\u00e7\u00e3o entre os munic\u00edpios do entorno.\u201d O museu de Ponte Nova deve ser instalado por meio de uma parceria entre a Prefeitura e o Instituto Federal de Minas Gerais.<\/p>\n<p>A diretora-geral da Funalfa manifestou satisfa\u00e7\u00e3o com o fato de Juiz de Fora consolidar-se como refer\u00eancia para a regi\u00e3o. \u201cSomos um polo de pr\u00e1ticas culturais na Zona da Mata e Vertentes, alcan\u00e7ando outras regi\u00f5es de Minas Gerais. Para n\u00f3s \u00e9 importante fortalecer as rela\u00e7\u00f5es com institui\u00e7\u00f5es de ensino e fomentar a pesquisa e a produ\u00e7\u00e3o de conhecimentos\u201d.<\/p>\n<p>Inaugurado em agosto de 2003, o Museu Ferrovi\u00e1rio de Juiz de Fora funciona na sede da antiga Estrada de Ferro Leopoldina, pr\u00e9dio tombado pelo Instituto Estadual do Patrim\u00f4nio Hist\u00f3rico e Art\u00edstico (Iepha-MG). Embora atualmente esteja fechado \u00e0 visita\u00e7\u00e3o p\u00fablica, devido ao protocolo de conten\u00e7\u00e3o do coronav\u00edrus, o equipamento urbano est\u00e1 consolidado como espa\u00e7o de cria\u00e7\u00e3o e difus\u00e3o cultural, atraindo visitantes da cidade e de outros centros, incluindo turistas estrangeiros e pesquisadores.<\/p>\n<p>O acervo, que soma mais de 400 pe\u00e7as, aborda as origens e a evolu\u00e7\u00e3o da ferrovia, bem como seu impacto nos aspectos sociais e econ\u00f4micos a partir do s\u00e9culo XIX, no Brasil e em Juiz de Fora. As pe\u00e7as incluem mobili\u00e1rio, instrumentos de trabalho e de comunica\u00e7\u00e3o, livros t\u00e9cnicos, fotografias, equipamentos cient\u00edficos, lou\u00e7as e miniaturas. No p\u00e1tio externo, h\u00e1 duas locomotivas a vapor originais. O Museu Ferrovi\u00e1rio de Juiz de Fora mant\u00e9m um programa de educa\u00e7\u00e3o patrimonial e oferece espa\u00e7o para encontros e oficinas de arte e cultura.<\/p><\/div>\n<div><\/div>\n<div><strong>Fonte:<\/strong> Assessoria<\/div>\n","protected":false},"excerpt":{"rendered":"<p>A diretora-geral da Funalfa, Giane Elisa, recebeu, nesta quarta-feira, 10, o chefe do Departamento de Cultura de Ponte Nova, Marcelo de Carvalho Fonseca, acompanhado por outros tr\u00eas representantes do Executivo da cidade vizinha. O grupo veio conhecer as instala\u00e7\u00f5es do Museu Ferrovi\u00e1rio (Avenida Brasil 2.001 \u2013 Centro) e apurar informa\u00e7\u00f5es t\u00e9cnicas, hist\u00f3ricas e de gest\u00e3o [&hellip;]<\/p>\n","protected":false},"author":96,"featured_media":177764,"comment_status":"closed","ping_status":"closed","sticky":false,"template":"","format":"standard","meta":{"footnotes":""},"categories":[256,436,439],"tags":[],"class_list":["post-177763","post","type-post","status-publish","format-standard","has-post-thumbnail","hentry","category-cultura","category-destaque-da-semana","category-ultima-hora"],"_links":{"self":[{"href":"https:\/\/diarioregionaldigital.com.br\/index.php?rest_route=\/wp\/v2\/posts\/177763","targetHints":{"allow":["GET"]}}],"collection":[{"href":"https:\/\/diarioregionaldigital.com.br\/index.php?rest_route=\/wp\/v2\/posts"}],"about":[{"href":"https:\/\/diarioregionaldigital.com.br\/index.php?rest_route=\/wp\/v2\/types\/post"}],"author":[{"embeddable":true,"href":"https:\/\/diarioregionaldigital.com.br\/index.php?rest_route=\/wp\/v2\/users\/96"}],"replies":[{"embeddable":true,"href":"https:\/\/diarioregionaldigital.com.br\/index.php?rest_route=%2Fwp%2Fv2%2Fcomments&post=177763"}],"version-history":[{"count":0,"href":"https:\/\/diarioregionaldigital.com.br\/index.php?rest_route=\/wp\/v2\/posts\/177763\/revisions"}],"wp:featuredmedia":[{"embeddable":true,"href":"https:\/\/diarioregionaldigital.com.br\/index.php?rest_route=\/wp\/v2\/media\/177764"}],"wp:attachment":[{"href":"https:\/\/diarioregionaldigital.com.br\/index.php?rest_route=%2Fwp%2Fv2%2Fmedia&parent=177763"}],"wp:term":[{"taxonomy":"category","embeddable":true,"href":"https:\/\/diarioregionaldigital.com.br\/index.php?rest_route=%2Fwp%2Fv2%2Fcategories&post=177763"},{"taxonomy":"post_tag","embeddable":true,"href":"https:\/\/diarioregionaldigital.com.br\/index.php?rest_route=%2Fwp%2Fv2%2Ftags&post=177763"}],"curies":[{"name":"wp","href":"https:\/\/api.w.org\/{rel}","templated":true}]}}