{"id":177760,"date":"2021-02-10T18:22:30","date_gmt":"2021-02-10T21:22:30","guid":{"rendered":"https:\/\/diarioregionaldigital.com.br\/?p=177760"},"modified":"2021-02-10T18:22:30","modified_gmt":"2021-02-10T21:22:30","slug":"audiencia-publica-apresentara-dados-de-execucao-orcamentaria-e-financeira-da-prefeitura-dos-ultimos-quatro-meses-de-2020","status":"publish","type":"post","link":"https:\/\/diarioregionaldigital.com.br\/?p=177760","title":{"rendered":"Audi\u00eancia P\u00fablica apresentar\u00e1 dados de execu\u00e7\u00e3o or\u00e7ament\u00e1ria e financeira da Prefeitura dos \u00faltimos quatro meses de 2020"},"content":{"rendered":"<p><span style=\"font-weight: 400;\">A C\u00e2mara Municipal de Juiz de Fora (CMJF) receber\u00e1 em Audi\u00eancia P\u00fablica nesta quinta-feira (11), representantes da Prefeitura de Juiz de Fora (PJF) que, por meio da Controladoria Geral do Munic\u00edpio, apresentar\u00e3o as execu\u00e7\u00f5es or\u00e7ament\u00e1ria e financeira do Munic\u00edpio. As informa\u00e7\u00f5es s\u00e3o relativas ao terceiro quadrimestre de 2020, e \u00e0s metas de arrecada\u00e7\u00e3o estabelecidas na Lei de Diretrizes Or\u00e7ament\u00e1rias (LDO). O encontro \u00e9 previsto em lei, conforme disposto no par\u00e1grafo 4\u00ba do artigo 9\u00ba da Lei de Responsabilidade Fiscal (LRF) que define tr\u00eas encontros anuais em que o Poder Executivo demonstrar\u00e1 e avaliar\u00e1 o cumprimento das metas fiscais de cada quadrimestre, em Audi\u00eancia P\u00fablica. Nesse caso, ser\u00e3o apresentados dados do 6\u00ba bimestre e do 3\u00ba quadrimestre de 2020.<\/span><\/p>\n<p><span style=\"font-weight: 400;\">\u201cEncontros como este demonstram a import\u00e2ncia desta Casa Legislativa como \u00f3rg\u00e3o fiscalizador de um or\u00e7amento anual de mais de R$2,5 bilh\u00f5es, que devem ser revertidos em melhores servi\u00e7os \u00e0 popula\u00e7\u00e3o. Decis\u00f5es or\u00e7ament\u00e1rias e financeiras impactam diretamente a rotina do juiz-forano e precisam, portanto, ser acompanhadas pelo Legislativo\u201d, relata o vereador e presidente da CMJF Juraci Scheffer (PT).<\/span><\/p>\n<p><span style=\"font-weight: 400;\">Segundo a gerente do Departamento de Controle de Gest\u00e3o Operacional (DCGO), Marina Sartori de Oliveira, a reuni\u00e3o segue o princ\u00edpio da legalidade e tem como intuito dar transpar\u00eancia \u00e0 gest\u00e3o dos recursos no munic\u00edpio. \u201cA audi\u00eancia acontece a cada quadrimestre, com o objetivo de manter o cidad\u00e3o informado sobre a gest\u00e3o do dinheiro p\u00fablico pelo Poder Executivo\u201d, pontua.<\/span><\/p>\n<p><b>Participa\u00e7\u00e3o popular por SMS e WhatsApp<\/b><\/p>\n<p><span style=\"font-weight: 400;\">A CMJF abre a possibilidade de participa\u00e7\u00e3o ativa da audi\u00eancia enviando seu questionamento ou opini\u00e3o em texto, via SMS ou pelo aplicativo WhatsApp pelo n\u00famero (32) 9 9183-0706. No contato, \u00e9 preciso que o participante se identifique com o nome, o n\u00famero de algum documento de identidade (RG ou CPF), seu endere\u00e7o e sua profiss\u00e3o. A mensagem dever\u00e1 ser exclusivamente sobre o tema tratado, respeitando as mesmas condutas \u00e9ticas da manifesta\u00e7\u00e3o presencial em Plen\u00e1rio &#8211; restritas por conta da pandemia. O prazo m\u00e1ximo para envio da mensagem \u00e9 de 30 minutos ap\u00f3s o in\u00edcio da audi\u00eancia.<\/span><\/p>\n<p><strong>Fonte:<\/strong> Assessoria<\/p>\n","protected":false},"excerpt":{"rendered":"<p>A C\u00e2mara Municipal de Juiz de Fora (CMJF) receber\u00e1 em Audi\u00eancia P\u00fablica nesta quinta-feira (11), representantes da Prefeitura de Juiz de Fora (PJF) que, por meio da Controladoria Geral do Munic\u00edpio, apresentar\u00e3o as execu\u00e7\u00f5es or\u00e7ament\u00e1ria e financeira do Munic\u00edpio. As informa\u00e7\u00f5es s\u00e3o relativas ao terceiro quadrimestre de 2020, e \u00e0s metas de arrecada\u00e7\u00e3o estabelecidas na [&hellip;]<\/p>\n","protected":false},"author":96,"featured_media":177761,"comment_status":"closed","ping_status":"closed","sticky":false,"template":"","format":"standard","meta":{"footnotes":""},"categories":[436,261,439],"tags":[],"class_list":["post-177760","post","type-post","status-publish","format-standard","has-post-thumbnail","hentry","category-destaque-da-semana","category-economia","category-ultima-hora"],"_links":{"self":[{"href":"https:\/\/diarioregionaldigital.com.br\/index.php?rest_route=\/wp\/v2\/posts\/177760","targetHints":{"allow":["GET"]}}],"collection":[{"href":"https:\/\/diarioregionaldigital.com.br\/index.php?rest_route=\/wp\/v2\/posts"}],"about":[{"href":"https:\/\/diarioregionaldigital.com.br\/index.php?rest_route=\/wp\/v2\/types\/post"}],"author":[{"embeddable":true,"href":"https:\/\/diarioregionaldigital.com.br\/index.php?rest_route=\/wp\/v2\/users\/96"}],"replies":[{"embeddable":true,"href":"https:\/\/diarioregionaldigital.com.br\/index.php?rest_route=%2Fwp%2Fv2%2Fcomments&post=177760"}],"version-history":[{"count":0,"href":"https:\/\/diarioregionaldigital.com.br\/index.php?rest_route=\/wp\/v2\/posts\/177760\/revisions"}],"wp:featuredmedia":[{"embeddable":true,"href":"https:\/\/diarioregionaldigital.com.br\/index.php?rest_route=\/wp\/v2\/media\/177761"}],"wp:attachment":[{"href":"https:\/\/diarioregionaldigital.com.br\/index.php?rest_route=%2Fwp%2Fv2%2Fmedia&parent=177760"}],"wp:term":[{"taxonomy":"category","embeddable":true,"href":"https:\/\/diarioregionaldigital.com.br\/index.php?rest_route=%2Fwp%2Fv2%2Fcategories&post=177760"},{"taxonomy":"post_tag","embeddable":true,"href":"https:\/\/diarioregionaldigital.com.br\/index.php?rest_route=%2Fwp%2Fv2%2Ftags&post=177760"}],"curies":[{"name":"wp","href":"https:\/\/api.w.org\/{rel}","templated":true}]}}