{"id":177642,"date":"2021-02-09T15:45:43","date_gmt":"2021-02-09T18:45:43","guid":{"rendered":"https:\/\/diarioregionaldigital.com.br\/?p=177642"},"modified":"2021-02-09T15:45:43","modified_gmt":"2021-02-09T18:45:43","slug":"justica-da-argentina-investiga-outras-tres-pessoas-pela-morte-de-diego-maradona","status":"publish","type":"post","link":"https:\/\/diarioregionaldigital.com.br\/?p=177642","title":{"rendered":"Justi\u00e7a da Argentina investiga outras tr\u00eas pessoas pela morte de Diego Maradona"},"content":{"rendered":"<p><span style=\"font-weight: 400;\">A Justi\u00e7a da Argentina abriu investiga\u00e7\u00f5es sobre outras tr\u00eas pessoas por conta da morte do ex-jogador Diego Maradona, ocorrido no dia 25 de novembro do \u00faltimo ano. Segundo informa\u00e7\u00f5es de uma fonte judicial, um psic\u00f3logo e dois enfermeiros ser\u00e3o investigados por homic\u00eddio culposo, sem a inten\u00e7\u00e3o de matar.<\/span><\/p>\n<p><span style=\"font-weight: 400;\">Os r\u00e9us s\u00e3o Carlos D\u00edaz e os enfermeiros <\/span><span style=\"font-weight: 400;\">Ricardo Almir\u00edn e Dahiana Gisela Madrid. Al\u00e9m disso, a Justi\u00e7a investiga tamb\u00e9m o neurocirurgi\u00e3o Leopoldo Luque e a psiquiatra Agustina Cosachov. Todos os envolvidos trataram de Maradona em seus \u00faltimos dias de vida.<\/span><\/p>\n<p><span style=\"font-weight: 400;\">Al\u00e9m disso, os investigados devem se apresentar nesta semana ao Minist\u00e9rio P\u00fablico da Argentina para nomea\u00e7\u00e3o e notifica\u00e7\u00e3o dos advogados. O objetivo das apura\u00e7\u00f5es \u00e9 ver se alguns dos r\u00e9us cometeu os crimes de neglig\u00eancia, imprud\u00eancia ou inexperi\u00eancia nos tratamentos de sa\u00fade administrados.<\/span><\/p>\n<p><span style=\"font-weight: 400;\">Segundo a aut\u00f3psia, Diego Maradona morreu ap\u00f3s sofrer \u201c<\/span><span style=\"font-weight: 400;\">edema agudo de pulm\u00e3o secund\u00e1rio a insufici\u00eancia card\u00edaca cr\u00f4nica exacerbada, com cardiomiopatia dilatada&#8221;.<\/span><\/p>\n<p><b>Morte<\/b><\/p>\n<p><span style=\"font-weight: 400;\">Maradona perdeu a vida no dia 25 de novembro do \u00faltimo ano, quando estava em sua casa, no munic\u00edpio de Tigre na Regi\u00e3o Metropolitana de Buenos Aires, quando sofreu mal s\u00fabito. Ao todo, quatro ambul\u00e2ncias foram acionadas para socorrer o ex-jogador, por\u00e9m n\u00e3o resistiu e veio a \u00f3bito.<\/span><\/p>\n<p><span style=\"font-weight: 400;\">No in\u00edcio do m\u00eas, ele foi internado na cl\u00ednica Ipensa, na cidade de La Plata, na prov\u00edncia da capital, ap\u00f3s apresentar quadro de anemia e desidrata\u00e7\u00e3o, justamente tr\u00eas dias ap\u00f3s completar 60 anos de idade.\u00a0<\/span><\/p>\n<p><span style=\"font-weight: 400;\">Campe\u00e3o do mundo pela Argentina em 1986, Maradona \u00e9 considerado por muitos, como um dos melhores jogadores da hist\u00f3ria e tamb\u00e9m como o maior do futebol argentino. Em sua carreira, teve passagens por Argentinos Juniors, Barcelona, Napoli, Sevilla, Newell\u2019s Old Boys e Boca Juniors. Ele encerrou sua carreira em 1998 pelo pr\u00f3prio \u2018xeneise\u2019, que \u00e9 seu time de cora\u00e7\u00e3o.\u00a0<\/span><\/p>\n<p><span style=\"font-weight: 400;\">Pela Sele\u00e7\u00e3o da Argentina, disputou 91 jogos, com direito a quatro participa\u00e7\u00f5es em Copas do Mundo (1982, 1986, 1990 e 1994), al\u00e9m do t\u00edtulo conquistado no M\u00e9xico em 86, no qual o jogador teve atua\u00e7\u00f5es magn\u00edficas. Em sua \u00faltima apari\u00e7\u00e3o em Copas foi nos Estados Unidos, por\u00e9m ele foi afastado da competi\u00e7\u00e3o, ap\u00f3s ser pego no exame antidoping, ainda na fase de grupos.<\/span><\/p>\n<p><b>Carreira como t\u00e9cnico<\/b><\/p>\n<p><span style=\"font-weight: 400;\">Ap\u00f3s se aposentar dos gramados, Maradona fez intensa reabilita\u00e7\u00e3o, para tratar da depend\u00eancia qu\u00edmica. Posteriormente, se aventurou como t\u00e9cnico de futebol e seu primeiro trabalho foi justamente com a Albiceleste, na Copa do Mundo de 2010 na \u00c1frica do Sul. Apesar de ter vencido todos os quatro jogos disputados na competi\u00e7\u00e3o, a Argentina foi goleada por 4\u00d70 para a Alemanha nas quartas de final.<\/span><\/p>\n<p><span style=\"font-weight: 400;\">Depois, o Pibe passou por Al-Wasl e Fujairah, dos Emirados \u00c1rabes. Em 2018, comandou o Dorados, do M\u00e9xico, e teve seu \u00faltimo trabalho no Gimnasia de La Plata.<\/span><\/p>\n","protected":false},"excerpt":{"rendered":"<p>A Justi\u00e7a da Argentina abriu investiga\u00e7\u00f5es sobre outras tr\u00eas pessoas por conta da morte do ex-jogador Diego Maradona, ocorrido no dia 25 de novembro do \u00faltimo ano. Segundo informa\u00e7\u00f5es de uma fonte judicial, um psic\u00f3logo e dois enfermeiros ser\u00e3o investigados por homic\u00eddio culposo, sem a inten\u00e7\u00e3o de matar. Os r\u00e9us s\u00e3o Carlos D\u00edaz e os [&hellip;]<\/p>\n","protected":false},"author":96,"featured_media":177643,"comment_status":"closed","ping_status":"closed","sticky":false,"template":"","format":"standard","meta":{"footnotes":""},"categories":[436,257,439],"tags":[],"class_list":["post-177642","post","type-post","status-publish","format-standard","has-post-thumbnail","hentry","category-destaque-da-semana","category-esporte","category-ultima-hora"],"_links":{"self":[{"href":"https:\/\/diarioregionaldigital.com.br\/index.php?rest_route=\/wp\/v2\/posts\/177642","targetHints":{"allow":["GET"]}}],"collection":[{"href":"https:\/\/diarioregionaldigital.com.br\/index.php?rest_route=\/wp\/v2\/posts"}],"about":[{"href":"https:\/\/diarioregionaldigital.com.br\/index.php?rest_route=\/wp\/v2\/types\/post"}],"author":[{"embeddable":true,"href":"https:\/\/diarioregionaldigital.com.br\/index.php?rest_route=\/wp\/v2\/users\/96"}],"replies":[{"embeddable":true,"href":"https:\/\/diarioregionaldigital.com.br\/index.php?rest_route=%2Fwp%2Fv2%2Fcomments&post=177642"}],"version-history":[{"count":0,"href":"https:\/\/diarioregionaldigital.com.br\/index.php?rest_route=\/wp\/v2\/posts\/177642\/revisions"}],"wp:featuredmedia":[{"embeddable":true,"href":"https:\/\/diarioregionaldigital.com.br\/index.php?rest_route=\/wp\/v2\/media\/177643"}],"wp:attachment":[{"href":"https:\/\/diarioregionaldigital.com.br\/index.php?rest_route=%2Fwp%2Fv2%2Fmedia&parent=177642"}],"wp:term":[{"taxonomy":"category","embeddable":true,"href":"https:\/\/diarioregionaldigital.com.br\/index.php?rest_route=%2Fwp%2Fv2%2Fcategories&post=177642"},{"taxonomy":"post_tag","embeddable":true,"href":"https:\/\/diarioregionaldigital.com.br\/index.php?rest_route=%2Fwp%2Fv2%2Ftags&post=177642"}],"curies":[{"name":"wp","href":"https:\/\/api.w.org\/{rel}","templated":true}]}}