{"id":177549,"date":"2021-02-08T14:42:55","date_gmt":"2021-02-08T17:42:55","guid":{"rendered":"https:\/\/diarioregionaldigital.com.br\/?p=177549"},"modified":"2021-02-08T14:52:28","modified_gmt":"2021-02-08T17:52:28","slug":"jovem-e-adolescente-sao-assaltados-no-bairro-santa-efigenia","status":"publish","type":"post","link":"https:\/\/diarioregionaldigital.com.br\/?p=177549","title":{"rendered":"Jovem e adolescente s\u00e3o assaltados no Bairro Santa Efig\u00eania"},"content":{"rendered":"<p>Na tarde de domingo (7), uma jovem de 18 anos e um adolescente de 17, foram assaltados no Bairro Santa Efig\u00eania (Regi\u00e3o Sul) em Juiz de Fora. Segundo o Boletim de Ocorr\u00eancias (BO) da Pol\u00edcia Militar (PM), as v\u00edtimas estavam em uma via p\u00fablica, quando em um determinado momento foram abordados por dois indiv\u00edduos, um jovem de 23 e um menor de 16 anos, sendo que um deles simulou estar armado e anunciaram o assalto. Os suspeitos levaram um telefone celular e empreenderam fuga do local.<\/p>\n<p>A PM foi acionada e com posse de caracter\u00edsticas dos autores, realizou o trabalho de rastreamento e encontrou os envolvidos. Mediante aos fatos, o rapaz foi preso em flagrante e o adolescente foi apreendido. A v\u00edtima teve seu celular recuperado.<\/p>\n","protected":false},"excerpt":{"rendered":"<p>Na tarde de domingo (7), uma jovem de 18 anos e um adolescente de 17, foram assaltados no Bairro Santa Efig\u00eania (Regi\u00e3o Sul) em Juiz de Fora. Segundo o Boletim de Ocorr\u00eancias (BO) da Pol\u00edcia Militar (PM), as v\u00edtimas estavam em uma via p\u00fablica, quando em um determinado momento foram abordados por dois indiv\u00edduos, um [&hellip;]<\/p>\n","protected":false},"author":96,"featured_media":177275,"comment_status":"closed","ping_status":"closed","sticky":false,"template":"","format":"standard","meta":{"footnotes":""},"categories":[301,436,439],"tags":[],"class_list":["post-177549","post","type-post","status-publish","format-standard","has-post-thumbnail","hentry","category-artigos-policiais","category-destaque-da-semana","category-ultima-hora"],"_links":{"self":[{"href":"https:\/\/diarioregionaldigital.com.br\/index.php?rest_route=\/wp\/v2\/posts\/177549","targetHints":{"allow":["GET"]}}],"collection":[{"href":"https:\/\/diarioregionaldigital.com.br\/index.php?rest_route=\/wp\/v2\/posts"}],"about":[{"href":"https:\/\/diarioregionaldigital.com.br\/index.php?rest_route=\/wp\/v2\/types\/post"}],"author":[{"embeddable":true,"href":"https:\/\/diarioregionaldigital.com.br\/index.php?rest_route=\/wp\/v2\/users\/96"}],"replies":[{"embeddable":true,"href":"https:\/\/diarioregionaldigital.com.br\/index.php?rest_route=%2Fwp%2Fv2%2Fcomments&post=177549"}],"version-history":[{"count":0,"href":"https:\/\/diarioregionaldigital.com.br\/index.php?rest_route=\/wp\/v2\/posts\/177549\/revisions"}],"wp:featuredmedia":[{"embeddable":true,"href":"https:\/\/diarioregionaldigital.com.br\/index.php?rest_route=\/wp\/v2\/media\/177275"}],"wp:attachment":[{"href":"https:\/\/diarioregionaldigital.com.br\/index.php?rest_route=%2Fwp%2Fv2%2Fmedia&parent=177549"}],"wp:term":[{"taxonomy":"category","embeddable":true,"href":"https:\/\/diarioregionaldigital.com.br\/index.php?rest_route=%2Fwp%2Fv2%2Fcategories&post=177549"},{"taxonomy":"post_tag","embeddable":true,"href":"https:\/\/diarioregionaldigital.com.br\/index.php?rest_route=%2Fwp%2Fv2%2Ftags&post=177549"}],"curies":[{"name":"wp","href":"https:\/\/api.w.org\/{rel}","templated":true}]}}