{"id":177478,"date":"2021-02-05T18:59:36","date_gmt":"2021-02-05T21:59:36","guid":{"rendered":"https:\/\/diarioregionaldigital.com.br\/?p=177478"},"modified":"2021-02-05T18:59:36","modified_gmt":"2021-02-05T21:59:36","slug":"municipio-totaliza-210-leitos-no-sus-desse-total-11-sao-feitos-pela-gestao-atual","status":"publish","type":"post","link":"https:\/\/diarioregionaldigital.com.br\/?p=177478","title":{"rendered":"Munic\u00edpio totaliza 210 leitos no SUS; desse total 11 s\u00e3o feitos pela gest\u00e3o atual"},"content":{"rendered":"<p><span style=\"font-weight: 400;\">A Secretaria de Sa\u00fade (SS) da Prefeitura de Juiz de Fora (PJF), criou mais quatro leitos de UTI destinados ao tratamento de pacientes infectados pelo novo Coronav\u00edrus. As novas unidades foram criadas no Hospital Ana Nery que agora conta com 28.\u00a0<\/span><\/p>\n<p><span style=\"font-weight: 400;\">Diante disso, o munic\u00edpio passa a ter 11 leitos destinados \u00e0 Covid-19, sendo que estes foram feitos na gest\u00e3o atual. Al\u00e9m disso, foram criados mais cinco no Hospital Universit\u00e1rio (HU) da UFJF e dois no Hospital de Pronto Socorro Gerald Mozart Teixeira (HPS).\u00a0<\/span><\/p>\n<p><span style=\"font-weight: 400;\">Antes do in\u00edcio da pandemia, Juiz de Fora dispunha de 108 leitos do Sistema \u00danico de Sa\u00fade (SUS) e atualmente s\u00e3o 210 (Covid e n\u00e3o Covid), um aumento de 94,5%. Os 111 leitos de UTI para Covid no Sistema \u00danico de Sa\u00fade (SUS) est\u00e3o distribu\u00eddos entre os hospitais: Ana Nery, 28; HPS, Santa Casa e Monte Sinai, dez cada; HU, 13; Hospital Regional Dr. Jo\u00e3o Penido, 20; e Maternidade Therezinha de Jesus, tamb\u00e9m 20.<\/span><\/p>\n<p><span style=\"font-weight: 400;\">Conforme a secret\u00e1ria de sa\u00fade, Ana Pimentel, a cria\u00e7\u00e3o de mais leitos de UTI permitiu que os pacientes adultos ficassem no munic\u00edpio:<\/span><\/p>\n<p><span style=\"font-weight: 400;\">\u201cNos deixa, diante desse cen\u00e1rio de epidemia, com a garantia de acesso da popula\u00e7\u00e3o que precisar, nesse momento, de internamento em UTI. Com esses leitos, conseguimos manter todos os pacientes adultos em Juiz de Fora,\u201d afirmou.<\/span><\/p>\n<p><span style=\"font-weight: 400;\">De acordo com os \u00faltimos dados estat\u00edsticos divulgados pela PJF, a caxa de ocupa\u00e7\u00e3o da enfermaria est\u00e1 em 60,29% e da UTI, 69,97%.<\/span><\/p>\n","protected":false},"excerpt":{"rendered":"<p>A Secretaria de Sa\u00fade (SS) da Prefeitura de Juiz de Fora (PJF), criou mais quatro leitos de UTI destinados ao tratamento de pacientes infectados pelo novo Coronav\u00edrus. As novas unidades foram criadas no Hospital Ana Nery que agora conta com 28.\u00a0 Diante disso, o munic\u00edpio passa a ter 11 leitos destinados \u00e0 Covid-19, sendo que [&hellip;]<\/p>\n","protected":false},"author":96,"featured_media":177479,"comment_status":"closed","ping_status":"closed","sticky":false,"template":"","format":"standard","meta":{"footnotes":""},"categories":[253,436,440,439],"tags":[],"class_list":["post-177478","post","type-post","status-publish","format-standard","has-post-thumbnail","hentry","category-cidade","category-destaque-da-semana","category-destaques-do-dia","category-ultima-hora"],"_links":{"self":[{"href":"https:\/\/diarioregionaldigital.com.br\/index.php?rest_route=\/wp\/v2\/posts\/177478","targetHints":{"allow":["GET"]}}],"collection":[{"href":"https:\/\/diarioregionaldigital.com.br\/index.php?rest_route=\/wp\/v2\/posts"}],"about":[{"href":"https:\/\/diarioregionaldigital.com.br\/index.php?rest_route=\/wp\/v2\/types\/post"}],"author":[{"embeddable":true,"href":"https:\/\/diarioregionaldigital.com.br\/index.php?rest_route=\/wp\/v2\/users\/96"}],"replies":[{"embeddable":true,"href":"https:\/\/diarioregionaldigital.com.br\/index.php?rest_route=%2Fwp%2Fv2%2Fcomments&post=177478"}],"version-history":[{"count":0,"href":"https:\/\/diarioregionaldigital.com.br\/index.php?rest_route=\/wp\/v2\/posts\/177478\/revisions"}],"wp:featuredmedia":[{"embeddable":true,"href":"https:\/\/diarioregionaldigital.com.br\/index.php?rest_route=\/wp\/v2\/media\/177479"}],"wp:attachment":[{"href":"https:\/\/diarioregionaldigital.com.br\/index.php?rest_route=%2Fwp%2Fv2%2Fmedia&parent=177478"}],"wp:term":[{"taxonomy":"category","embeddable":true,"href":"https:\/\/diarioregionaldigital.com.br\/index.php?rest_route=%2Fwp%2Fv2%2Fcategories&post=177478"},{"taxonomy":"post_tag","embeddable":true,"href":"https:\/\/diarioregionaldigital.com.br\/index.php?rest_route=%2Fwp%2Fv2%2Ftags&post=177478"}],"curies":[{"name":"wp","href":"https:\/\/api.w.org\/{rel}","templated":true}]}}