{"id":177416,"date":"2021-02-04T19:34:32","date_gmt":"2021-02-04T22:34:32","guid":{"rendered":"https:\/\/diarioregionaldigital.com.br\/?p=177416"},"modified":"2021-02-04T19:34:32","modified_gmt":"2021-02-04T22:34:32","slug":"operacao-conjunta-em-juiz-de-fora-apura-fraude-em-processo-licitatorio","status":"publish","type":"post","link":"https:\/\/diarioregionaldigital.com.br\/?p=177416","title":{"rendered":"Opera\u00e7\u00e3o conjunta em Juiz de Fora apura fraude em processo licitat\u00f3rio"},"content":{"rendered":"<p>Nesta quinta-feira (4\/2), a opera\u00e7\u00e3o \u201cArbitrio\u201d foi deflagrada na Zona da Mata Mineira, com o objetivo de apurar crimes praticados contra a Lei de Licita\u00e7\u00e3o, associa\u00e7\u00e3o criminosa e poss\u00edvel lavagem de dinheiro. As Pol\u00edcias Civil e Militar e o Minist\u00e9rio P\u00fablico \u2013 por meio da 22\u00aa Promotoria de Justi\u00e7a de Juiz de Fora e do Grupo de Atua\u00e7\u00e3o Especial de Combate ao Crime Organizado (GAECO)- Regional Zona da Mata -, com apoio da Receita Federal, realizaram a a\u00e7\u00e3o na cidade de Juiz de Fora. Foram cumpridos cinco mandados de busca e apreens\u00e3o em pontos distintos do munic\u00edpio, resultando na apreens\u00e3o de cerca de R$ 51 mil, al\u00e9m de provas materiais relevantes para a investiga\u00e7\u00e3o.<\/p>\n<p>O nome da opera\u00e7\u00e3o \u201cArbitrio\u201d vem do Latim e significa \u201cMonop\u00f3lio\u201d. Nessa a\u00e7\u00e3o conjunta, ele faz refer\u00eancia \u00e0 fraude investigada acerca de processo licitat\u00f3rio em que envolvidos s\u00e3o suspeitos de serem os reais propriet\u00e1rios das placas de t\u00e1xis em Juiz de Fora, por\u00e9m, teriam usado terceiros -\u201claranjas\u201d &#8211; para burlar a licita\u00e7\u00e3o e vencer edital de concorr\u00eancia p\u00fablica para a permiss\u00e3o do servi\u00e7o. As pe\u00e7as de informa\u00e7\u00e3o relatando poss\u00edvel esquema irregular foram encaminhadas \u00e0 Promotoria do Patrim\u00f4nio P\u00fablico de Juiz de Fora pela Justi\u00e7a do Trabalho.<\/p>\n<p>As investiga\u00e7\u00f5es prosseguem no \u00e2mbito do Minist\u00e9rio P\u00fablico do Estado de Minas Gerais, a fim de apurar outros poss\u00edveis crimes praticados pelos envolvidos, bem como a participa\u00e7\u00e3o de outras pessoas.<\/p>\n<p>A opera\u00e7\u00e3o contou com a participa\u00e7\u00e3o de policias civis da 7\u00aa Delegacia de Pol\u00edcia Civil, de promotores de Justi\u00e7a e de agentes do GAECO, bem como de policiais militares da 28\u00aa Companhia de Radio Patrulhamento T\u00e1tico M\u00f3vel do 2\u00b0 Batalh\u00e3o e de servidores da Receita Estadual e do Minist\u00e9rio P\u00fablico.<\/p>\n<p><strong>Fonte:<\/strong> Assessoria<\/p>\n","protected":false},"excerpt":{"rendered":"<p>Nesta quinta-feira (4\/2), a opera\u00e7\u00e3o \u201cArbitrio\u201d foi deflagrada na Zona da Mata Mineira, com o objetivo de apurar crimes praticados contra a Lei de Licita\u00e7\u00e3o, associa\u00e7\u00e3o criminosa e poss\u00edvel lavagem de dinheiro. As Pol\u00edcias Civil e Militar e o Minist\u00e9rio P\u00fablico \u2013 por meio da 22\u00aa Promotoria de Justi\u00e7a de Juiz de Fora e do [&hellip;]<\/p>\n","protected":false},"author":96,"featured_media":177420,"comment_status":"closed","ping_status":"closed","sticky":false,"template":"","format":"standard","meta":{"footnotes":""},"categories":[301,436,439],"tags":[],"class_list":["post-177416","post","type-post","status-publish","format-standard","has-post-thumbnail","hentry","category-artigos-policiais","category-destaque-da-semana","category-ultima-hora"],"_links":{"self":[{"href":"https:\/\/diarioregionaldigital.com.br\/index.php?rest_route=\/wp\/v2\/posts\/177416","targetHints":{"allow":["GET"]}}],"collection":[{"href":"https:\/\/diarioregionaldigital.com.br\/index.php?rest_route=\/wp\/v2\/posts"}],"about":[{"href":"https:\/\/diarioregionaldigital.com.br\/index.php?rest_route=\/wp\/v2\/types\/post"}],"author":[{"embeddable":true,"href":"https:\/\/diarioregionaldigital.com.br\/index.php?rest_route=\/wp\/v2\/users\/96"}],"replies":[{"embeddable":true,"href":"https:\/\/diarioregionaldigital.com.br\/index.php?rest_route=%2Fwp%2Fv2%2Fcomments&post=177416"}],"version-history":[{"count":0,"href":"https:\/\/diarioregionaldigital.com.br\/index.php?rest_route=\/wp\/v2\/posts\/177416\/revisions"}],"wp:featuredmedia":[{"embeddable":true,"href":"https:\/\/diarioregionaldigital.com.br\/index.php?rest_route=\/wp\/v2\/media\/177420"}],"wp:attachment":[{"href":"https:\/\/diarioregionaldigital.com.br\/index.php?rest_route=%2Fwp%2Fv2%2Fmedia&parent=177416"}],"wp:term":[{"taxonomy":"category","embeddable":true,"href":"https:\/\/diarioregionaldigital.com.br\/index.php?rest_route=%2Fwp%2Fv2%2Fcategories&post=177416"},{"taxonomy":"post_tag","embeddable":true,"href":"https:\/\/diarioregionaldigital.com.br\/index.php?rest_route=%2Fwp%2Fv2%2Ftags&post=177416"}],"curies":[{"name":"wp","href":"https:\/\/api.w.org\/{rel}","templated":true}]}}