{"id":177413,"date":"2021-02-04T18:58:28","date_gmt":"2021-02-04T21:58:28","guid":{"rendered":"https:\/\/diarioregionaldigital.com.br\/?p=177413"},"modified":"2021-02-04T18:58:28","modified_gmt":"2021-02-04T21:58:28","slug":"covid-19-pl-na-camara-visa-incluir-pessoas-com-sindrome-de-down-autismo-e-deficiencia-intelectual-no-grupo-prioritario-de-vacinacao","status":"publish","type":"post","link":"https:\/\/diarioregionaldigital.com.br\/?p=177413","title":{"rendered":"Covid-19: PL na C\u00e2mara visa incluir pessoas com S\u00edndrome de Down, Autismo e Defici\u00eancia Intelectual no grupo priorit\u00e1rio de vacina\u00e7\u00e3o"},"content":{"rendered":"<p><span style=\"font-weight: 400;\">O Projeto de Lei (PL) com autoria do vereador Dr. Ant\u00f4nio Aguiar (DEM), visa integrar pessoas com S\u00edndrome de Down, Autismo e Defici\u00eancia Intelectual, no grupo priorit\u00e1rio de vacina\u00e7\u00e3o contra a Covid-19. O documento diz que <\/span><span style=\"font-weight: 400;\">as \u201caltera\u00e7\u00f5es imunol\u00f3gicas decorrentes, principalmente, das dificuldades alimentares e de fun\u00e7\u00f5es de estruturas org\u00e2nicas como o trato respirat\u00f3rio e sistema imunol\u00f3gico&#8221;, que ocorrem com essa parcela da popula\u00e7\u00e3o, s\u00e3o relevantes e requerem a prote\u00e7\u00e3o garantida com a prioridade de imuniza\u00e7\u00e3o.<\/span><\/p>\n<p><span style=\"font-weight: 400;\">Segundo o vereador, tais pessoas do grupo citado, \u201capresentam um estresse oxidativo que \u00e9 maior, de seis a oito vezes, do que a popula\u00e7\u00e3o fora desse grupo\u201d. Ao Di\u00e1rio Regional, Ant\u00f4nio Aguiar explica que dentre os indiv\u00edduos que t\u00eam S\u00edndrome de Down, Autismo e Defici\u00eancia Intelectual, s\u00f3 receber\u00e3o as vacinas quem estiver acima dos 18 anos de idade:<\/span><\/p>\n<p><span style=\"font-weight: 400;\">\u201cEsses imunizantes, n\u00e3o foram testados em pessoas abaixo dessa idade. Ent\u00e3o tem que ficar muito claro que os indiv\u00edduos neste momento ser\u00e3o aqueles acima de 18 anos. Posteriormente quando os estudos derem seguran\u00e7a e garantia de efic\u00e1cia da vacina, esse grupo vai entrar para receber o imunizante\u201d.<\/span><\/p>\n<p><span style=\"font-weight: 400;\">O vereador explica que essas pessoas fazem parte do grupo de risco, mais pelas caracter\u00edsticas sociais: \u201cA ONU em 2013 criou uma plataforma para o ano de 2030 que \u00e9 \u2018Ningu\u00e9m Fica Para Atr\u00e1s\u2019, que \u00e9 um movimento de inclus\u00e3o dos autistas, colocando eles com todos os direitos ao usufruir dentro da sociedade e tendo prioridade porque s\u00e3o pessoas que j\u00e1 vivem com uma certa desvantagem social\u201d explica. \u201cEles t\u00eam tamb\u00e9m problemas nutricionais que acabam interferindo nessa quest\u00e3o imunit\u00e1ria, por conta da parte sensorial gustativa que \u00e9 um pouco diferente das outras pessoas, o que faz com que eles tenham seletividades alimentares. J\u00e1 as pessoas com S\u00edndrome de Down \u00e9 muito grande a quest\u00e3o de comorbidades, principalmente por problemas ligados ao cora\u00e7\u00e3o, a tire\u00f3ide e \u00e0 imunidade deles, por terem n\u00edvel de comprometimento maior por uma poss\u00edvel desregula\u00e7\u00e3o do sistema imunol\u00f3gico\u201d.<\/span><\/p>\n<p><span style=\"font-weight: 400;\">Como citado no documento, essas pessoas apresentam estresse oxidativo maior em rela\u00e7\u00e3o \u00e0 popula\u00e7\u00e3o em geral. Diante a essa quest\u00e3o, Ant\u00f4nio Aguiar frisa que n\u00e3o interfere na aplica\u00e7\u00e3o das doses da vacina do que o habitual:<\/span><\/p>\n<p><span style=\"font-weight: 400;\">\u201cO estresse oxidativo \u00e9 uma condi\u00e7\u00e3o inerente \u00e0 vida, \u00e0 respira\u00e7\u00e3o e \u00e0 fun\u00e7\u00e3o celular. Todas as c\u00e9lulas t\u00eam esse mecanismo de produzir um tipo de lixo biol\u00f3gico. Na S\u00edndrome de Down e no Autismo, essa fun\u00e7\u00e3o de manter as condi\u00e7\u00f5es ativas e ela \u00e9 mais intensa, ou seja, produz um desgaste maior dessas fun\u00e7\u00f5es. Obviamente isso vai consumir mais micronutrientes, vai produzir uma condi\u00e7\u00e3o \u00e0s vezes funcional de tecidos de alguns \u00f3rg\u00e3os um pouco abaixo do ideal. Mas isso \u00e9 uma outra condi\u00e7\u00e3o que pode predispor a adoecer mais, por\u00e9m \u00e9 tratada e conduzida de outro jeito mas n\u00e3o criar\u00e1 uma condi\u00e7\u00e3o de ter necessidade de aumentar a dose de vacina\u201d.<\/span><\/p>\n<p><span style=\"font-weight: 400;\">O vereador refor\u00e7a que os cuidados com essas pessoas no momento da imuniza\u00e7\u00e3o s\u00e3o os mesmos no dia a dia: uso de m\u00e1scaras de prote\u00e7\u00e3o, \u00e1lcool em gel e distanciamento. <\/span><\/p>\n","protected":false},"excerpt":{"rendered":"<p>O Projeto de Lei (PL) com autoria do vereador Dr. Ant\u00f4nio Aguiar (DEM), visa integrar pessoas com S\u00edndrome de Down, Autismo e Defici\u00eancia Intelectual, no grupo priorit\u00e1rio de vacina\u00e7\u00e3o contra a Covid-19. O documento diz que as \u201caltera\u00e7\u00f5es imunol\u00f3gicas decorrentes, principalmente, das dificuldades alimentares e de fun\u00e7\u00f5es de estruturas org\u00e2nicas como o trato respirat\u00f3rio e [&hellip;]<\/p>\n","protected":false},"author":96,"featured_media":177414,"comment_status":"closed","ping_status":"closed","sticky":false,"template":"","format":"standard","meta":{"footnotes":""},"categories":[436,440,254,439],"tags":[],"class_list":["post-177413","post","type-post","status-publish","format-standard","has-post-thumbnail","hentry","category-destaque-da-semana","category-destaques-do-dia","category-politica","category-ultima-hora"],"_links":{"self":[{"href":"https:\/\/diarioregionaldigital.com.br\/index.php?rest_route=\/wp\/v2\/posts\/177413","targetHints":{"allow":["GET"]}}],"collection":[{"href":"https:\/\/diarioregionaldigital.com.br\/index.php?rest_route=\/wp\/v2\/posts"}],"about":[{"href":"https:\/\/diarioregionaldigital.com.br\/index.php?rest_route=\/wp\/v2\/types\/post"}],"author":[{"embeddable":true,"href":"https:\/\/diarioregionaldigital.com.br\/index.php?rest_route=\/wp\/v2\/users\/96"}],"replies":[{"embeddable":true,"href":"https:\/\/diarioregionaldigital.com.br\/index.php?rest_route=%2Fwp%2Fv2%2Fcomments&post=177413"}],"version-history":[{"count":0,"href":"https:\/\/diarioregionaldigital.com.br\/index.php?rest_route=\/wp\/v2\/posts\/177413\/revisions"}],"wp:featuredmedia":[{"embeddable":true,"href":"https:\/\/diarioregionaldigital.com.br\/index.php?rest_route=\/wp\/v2\/media\/177414"}],"wp:attachment":[{"href":"https:\/\/diarioregionaldigital.com.br\/index.php?rest_route=%2Fwp%2Fv2%2Fmedia&parent=177413"}],"wp:term":[{"taxonomy":"category","embeddable":true,"href":"https:\/\/diarioregionaldigital.com.br\/index.php?rest_route=%2Fwp%2Fv2%2Fcategories&post=177413"},{"taxonomy":"post_tag","embeddable":true,"href":"https:\/\/diarioregionaldigital.com.br\/index.php?rest_route=%2Fwp%2Fv2%2Ftags&post=177413"}],"curies":[{"name":"wp","href":"https:\/\/api.w.org\/{rel}","templated":true}]}}