{"id":177401,"date":"2021-02-04T18:01:28","date_gmt":"2021-02-04T21:01:28","guid":{"rendered":"https:\/\/diarioregionaldigital.com.br\/?p=177401"},"modified":"2021-02-04T18:01:28","modified_gmt":"2021-02-04T21:01:28","slug":"secretaria-de-saude-esclarece-sobre-possiveis-denuncias-a-respeito-da-vacinacao","status":"publish","type":"post","link":"https:\/\/diarioregionaldigital.com.br\/?p=177401","title":{"rendered":"Secretaria de Sa\u00fade esclarece sobre poss\u00edveis den\u00fancias a respeito da vacina\u00e7\u00e3o"},"content":{"rendered":"<p><span style=\"font-weight: 400;\">At\u00e9 o momento j\u00e1 foram vacinadas no munic\u00edpio 14.344 pessoas. Os dados s\u00e3o do \u00faltimo boletim epidemiol\u00f3gico, divulgados na \u00faltima quarta-feira (3). A vacina\u00e7\u00e3o est\u00e1 sendo feita por meio de uma lista nominal dos trabalhadores da sa\u00fade em atividade nos hospitais e servi\u00e7os de sa\u00fade, assim como nas Institui\u00e7\u00f5es de Longa Perman\u00eancia para Idosos (ILPIs). Essa lista foi solicitada pela Secretaria de Sa\u00fade para a realiza\u00e7\u00e3o do pr\u00e9-cadastro, controle e monitoramento dos imunizados durante e ap\u00f3s a imuniza\u00e7\u00e3o, e foi enviada por essas institui\u00e7\u00f5es indicando o v\u00ednculo laboral desses profissionais.<\/span><\/p>\n<p><span style=\"font-weight: 400;\">A defini\u00e7\u00e3o dos grupos priorit\u00e1rios, nesta fase, segue as determina\u00e7\u00f5es do Plano Nacional de Imuniza\u00e7\u00e3o (PNI). \u00c9 necess\u00e1rio salientar que os trabalhadores da sa\u00fade est\u00e3o expostos a uma alta carga viral, sendo necess\u00e1ria a sua imuniza\u00e7\u00e3o para evitar a paralisa\u00e7\u00e3o do sistema e manter a capacidade de atendimento \u00e0 popula\u00e7\u00e3o. No caso dos idosos, s\u00e3o o grupo mais vitimado pela doen\u00e7a.<\/span><\/p>\n<p><span style=\"font-weight: 400;\">A vacina\u00e7\u00e3o est\u00e1 sendo feita diretamente pelas equipes de imuniza\u00e7\u00e3o que v\u00e3o at\u00e9 os estabelecimentos de sa\u00fade para vacinar os trabalhadores indicados na lista apresentada pelos estabelecimentos de sa\u00fade e institui\u00e7\u00f5es priorizadas nesta etapa da vacina\u00e7\u00e3o.<\/span><\/p>\n<p><span style=\"font-weight: 400;\">A tecnologia tamb\u00e9m est\u00e1 sendo empregada para manter o controle, registro e confiabilidade da imuniza\u00e7\u00e3o. A plataforma Busco-Sa\u00fade foi desenvolvida em parceria com pesquisadores da UFJF. Ela foi ampliada para controlar o processo de vacina\u00e7\u00e3o. A plataforma possibilita o controle dos dados e registro dos imunizados, na qual tamb\u00e9m \u00e9 poss\u00edvel armazenar e atualizar, em tempo real, dados como n\u00famero de pessoas vacinadas, quantidade de vacinas dispon\u00edveis, locais de aplica\u00e7\u00e3o e trabalhadores envolvidos no processo.<\/span><\/p>\n<p><b>Como denunciar<\/b><\/p>\n<p><span style=\"font-weight: 400;\">As den\u00fancias sobre pessoas furando fila devem ser encaminhadas \u00e0 Ouvidoria da Secretaria de Sa\u00fade. Os integrantes do \u00f3rg\u00e3o elaboram um relat\u00f3rio e o encaminham para a tomada das devidas provid\u00eancias pela SS. \u00c9 importante destacar que, para fazer a den\u00fancia, n\u00e3o precisa enviar provas, por\u00e9m, \u00e9 necess\u00e1rio oferecer o maior detalhamento poss\u00edvel sobre o suposto fura-fila, como nome, local onde vacinou e outros. Os canais s\u00e3o o e-mail da Ouvidoria: ouvidoriadesaudejf@yahoo.com.br; a central de atendimento Disque Sa\u00fade: 136; ou pelo site.<\/span><\/p>\n<p><span style=\"font-weight: 400;\">A Ouvidoria tamb\u00e9m recebe den\u00fancias de forma presencial na Rua Batista de Oliveira, 239, na Sala 804, no Centro \u2013 CEP: 36.013-300.<\/span><\/p>\n<p><b>Hor\u00e1rio:<\/b><span style=\"font-weight: 400;\"> Segunda a sexta-feira, das 8 \u00e0s 12 horas e das 14 \u00e0s 18 horas.<\/span><\/p>\n<p><b>Telefone:<\/b><span style=\"font-weight: 400;\"> (32) 3690-8135.<\/span><\/p>\n<p><span style=\"font-weight: 400;\">Segundo a subsecret\u00e1ria de Vigil\u00e2ncia em Sa\u00fade, Cec\u00edlia Kosmann, \u201cqualquer fura-fila impacta porque os munic\u00edpios brasileiros devem seguir os crit\u00e9rios do Plano Nacional de Imuniza\u00e7\u00e3o (PNI). O plano de operacionaliza\u00e7\u00e3o tem como objetivo manter os servi\u00e7os de sa\u00fade, os trabalhadores que s\u00e3o refer\u00eancia para tratamento da Covid e tamb\u00e9m reduzir a morbimortalidade. Devido ao n\u00famero de vacinas dispon\u00edveis, \u00e9 necess\u00e1rio seguir a prioriza\u00e7\u00e3o definida pelo Minist\u00e9rio da Sa\u00fade. Qualquer pessoa vacinada, n\u00e3o priorizada naquele momento, pode deixar sem vacina pessoas realmente priorizadas. Isso p\u00f5e em risco o alcance do objetivo do plano, que \u00e9 manter os servi\u00e7os de sa\u00fade funcionando nesse momento\u201d.<\/span><\/p>\n<p><b>Confira os dados da vacina\u00e7\u00e3o at\u00e9 o momento<\/b><\/p>\n<p><span style=\"font-weight: 400;\">Equipe de vacinadores: 57<\/span><\/p>\n<p><span style=\"font-weight: 400;\">Institui\u00e7\u00f5es de Longa Perman\u00eancia (ILPI) (idoso+profissionais): 1.381<\/span><\/p>\n<p><span style=\"font-weight: 400;\">Hospital Regional Jo\u00e3o Penido (HRJP): 948<\/span><\/p>\n<p><span style=\"font-weight: 400;\">Hospital Ana Nery:366<\/span><\/p>\n<p><span style=\"font-weight: 400;\">SAMU: 128<\/span><\/p>\n<p><span style=\"font-weight: 400;\">Regional Leste: 124<\/span><\/p>\n<p><span style=\"font-weight: 400;\">Pronto Atendimento Infantil (PAI): 52<\/span><\/p>\n<p><span style=\"font-weight: 400;\">Hospital de Pronto Socorro Dr. Mozart Teixeira (HPS): 577<\/span><\/p>\n<p><span style=\"font-weight: 400;\">Santa Casa: 2555<\/span><\/p>\n<p><span style=\"font-weight: 400;\">Hospital Geral do Ex\u00e9rcito (HG): 339<\/span><\/p>\n<p><span style=\"font-weight: 400;\">Mosteiro Santa Cruz: 24<\/span><\/p>\n<p><span style=\"font-weight: 400;\">Congrega\u00e7\u00e3o Irm\u00e3s Carmelitas: 24<\/span><\/p>\n<p><span style=\"font-weight: 400;\">Educand\u00e1rio Carlos Chagas: 65<\/span><\/p>\n<p><span style=\"font-weight: 400;\">Hospital Monte Sinai (HMS): 1338<\/span><\/p>\n<p><span style=\"font-weight: 400;\">UPA S\u00e3o Pedro: 81<\/span><\/p>\n<p><span style=\"font-weight: 400;\">Sistema de Transporte Inter-hospitalar (STIH): 50<\/span><\/p>\n<p><span style=\"font-weight: 400;\">Hospital Maternidade Therezinha de Jesus (HMTJ): 597<\/span><\/p>\n<p><span style=\"font-weight: 400;\">Universidade Federal de Juiz de Fora (UFJF): 32<\/span><\/p>\n<p><span style=\"font-weight: 400;\">Hospital Albert Sabin (HAS): 789<\/span><\/p>\n<p><span style=\"font-weight: 400;\">Hospital Unimed: 638<\/span><\/p>\n<p><span style=\"font-weight: 400;\">UPA Santa Luzia: 95<\/span><\/p>\n<p><span style=\"font-weight: 400;\">UPA Norte: 115<\/span><\/p>\n<p><span style=\"font-weight: 400;\">Hospital Universit\u00e1rio: 1619<\/span><\/p>\n<p><span style=\"font-weight: 400;\">Aten\u00e7\u00e3o Prim\u00e1ria em Sa\u00fade (APS): 1.013<\/span><\/p>\n<p><span style=\"font-weight: 400;\">Hospital S\u00e3o Vicente de Paula (HSVP): 219<\/span><\/p>\n<p><span style=\"font-weight: 400;\">Hospital Oncol\u00f3gico: 219<\/span><\/p>\n<p><span style=\"font-weight: 400;\">Instituto Brasileiro de Gest\u00e3o da Sa\u00fade (IBG) : 192<\/span><\/p>\n<p><span style=\"font-weight: 400;\">Grupo Esp\u00edrita de Assist\u00eancia aos Enfermos (GEDAE) (Resid\u00eancias inclusivas): 303<\/span><\/p>\n<p><span style=\"font-weight: 400;\">Ag\u00eancia de Coopera\u00e7\u00e3o Intermunicipal em Sa\u00fade P\u00e9 da Serra (Acispes): 143<\/span><\/p>\n<p><span style=\"font-weight: 400;\">Hospital Ascomcer: 179<\/span><\/p>\n<p><span style=\"font-weight: 400;\">Resid\u00eancia Vila Verde (resid\u00eancia inclusiva): 46<\/span><\/p>\n<p><span style=\"font-weight: 400;\">Associa\u00e7\u00e3o dos cegos (resid\u00eancia inclusiva): 36<\/span><\/p>\n<p><strong>Fonte:\u00a0<\/strong>Assessoria<\/p>\n","protected":false},"excerpt":{"rendered":"<p>At\u00e9 o momento j\u00e1 foram vacinadas no munic\u00edpio 14.344 pessoas. Os dados s\u00e3o do \u00faltimo boletim epidemiol\u00f3gico, divulgados na \u00faltima quarta-feira (3). A vacina\u00e7\u00e3o est\u00e1 sendo feita por meio de uma lista nominal dos trabalhadores da sa\u00fade em atividade nos hospitais e servi\u00e7os de sa\u00fade, assim como nas Institui\u00e7\u00f5es de Longa Perman\u00eancia para Idosos (ILPIs). [&hellip;]<\/p>\n","protected":false},"author":96,"featured_media":177411,"comment_status":"closed","ping_status":"closed","sticky":false,"template":"","format":"standard","meta":{"footnotes":""},"categories":[253,436,440,439],"tags":[],"class_list":["post-177401","post","type-post","status-publish","format-standard","has-post-thumbnail","hentry","category-cidade","category-destaque-da-semana","category-destaques-do-dia","category-ultima-hora"],"_links":{"self":[{"href":"https:\/\/diarioregionaldigital.com.br\/index.php?rest_route=\/wp\/v2\/posts\/177401","targetHints":{"allow":["GET"]}}],"collection":[{"href":"https:\/\/diarioregionaldigital.com.br\/index.php?rest_route=\/wp\/v2\/posts"}],"about":[{"href":"https:\/\/diarioregionaldigital.com.br\/index.php?rest_route=\/wp\/v2\/types\/post"}],"author":[{"embeddable":true,"href":"https:\/\/diarioregionaldigital.com.br\/index.php?rest_route=\/wp\/v2\/users\/96"}],"replies":[{"embeddable":true,"href":"https:\/\/diarioregionaldigital.com.br\/index.php?rest_route=%2Fwp%2Fv2%2Fcomments&post=177401"}],"version-history":[{"count":0,"href":"https:\/\/diarioregionaldigital.com.br\/index.php?rest_route=\/wp\/v2\/posts\/177401\/revisions"}],"wp:featuredmedia":[{"embeddable":true,"href":"https:\/\/diarioregionaldigital.com.br\/index.php?rest_route=\/wp\/v2\/media\/177411"}],"wp:attachment":[{"href":"https:\/\/diarioregionaldigital.com.br\/index.php?rest_route=%2Fwp%2Fv2%2Fmedia&parent=177401"}],"wp:term":[{"taxonomy":"category","embeddable":true,"href":"https:\/\/diarioregionaldigital.com.br\/index.php?rest_route=%2Fwp%2Fv2%2Fcategories&post=177401"},{"taxonomy":"post_tag","embeddable":true,"href":"https:\/\/diarioregionaldigital.com.br\/index.php?rest_route=%2Fwp%2Fv2%2Ftags&post=177401"}],"curies":[{"name":"wp","href":"https:\/\/api.w.org\/{rel}","templated":true}]}}