{"id":177395,"date":"2021-02-04T15:58:53","date_gmt":"2021-02-04T18:58:53","guid":{"rendered":"https:\/\/diarioregionaldigital.com.br\/?p=177395"},"modified":"2021-02-04T15:58:53","modified_gmt":"2021-02-04T18:58:53","slug":"prefeitura-publica-decreto-que-coloca-autoescola-na-faixa-vermelha","status":"publish","type":"post","link":"https:\/\/diarioregionaldigital.com.br\/?p=177395","title":{"rendered":"Prefeitura publica Decreto que coloca Autoescola na &#8216;Faixa Vermelha&#8217;"},"content":{"rendered":"<p><span style=\"font-weight: 400;\">A Prefeitura de Juiz de Fora (PJF), publicou nesta quinta-feira (4), o Decreto N\u00ba14.301 que prev\u00ea a inclus\u00e3o de Autoescola na \u2018Faixa Vermelha\u2019 do programa \u2018Juiz de Fora Pela Vida\u2019. A decis\u00e3o foi tomada durante reuni\u00e3o realizada entre a prefeita Margarida Salom\u00e3o (PT) e representantes do setor realizada na \u00faltima ter\u00e7a-feira (2).<\/span><\/p>\n<p><span style=\"font-weight: 400;\">A proposta apresentada pela categoria \u00e9 que as aulas te\u00f3ricas sejam ministradas remotamente por meio de plataforma digital e as aulas pr\u00e1ticas sejam realizadas seguindo r\u00edgidos protocolos de seguran\u00e7a, como a utiliza\u00e7\u00e3o de m\u00e1scara pelo instrutor e pelo aluno e a higieniza\u00e7\u00e3o dos carros ap\u00f3s cada uso.<\/span><\/p>\n<p><span style=\"font-weight: 400;\">O documento prev\u00ea tamb\u00e9m que deve ser feita tamb\u00e9m a descontamina\u00e7\u00e3o dos simuladores, realiza\u00e7\u00e3o das aulas pr\u00e1ticas com os vidros do ve\u00edculo abertos, sendo proibido o uso de ar condicionado; a veda\u00e7\u00e3o de utiliza\u00e7\u00e3o de capacete de forma compartilhada, ou seja, deve-se levar o pr\u00f3prio equipamento de seguran\u00e7a.<\/span><\/p>\n<p><span style=\"font-weight: 400;\">Outras medidas relacionadas ao funcionamento dos estabelecimentos tamb\u00e9m est\u00e3o previstas no decreto, como o hor\u00e1rio estendido at\u00e9 20h para funcionamento das aulas pr\u00e1ticas devido \u00e0 obrigatoriedade de aulas noturnas pelos candidatos; possibilidade de realiza\u00e7\u00e3o de tr\u00eas aulas sequenciais; fixa\u00e7\u00e3o de barreira de prote\u00e7\u00e3o f\u00edsica para os funcion\u00e1rios quando em contato com o aluno na recep\u00e7\u00e3o; atendimento simult\u00e2neo de, no m\u00e1ximo, uma pessoa a cada quatro metros quadrados de \u00e1rea livre na recep\u00e7\u00e3o; garantir dist\u00e2ncia m\u00ednima de dois metros entre um candidato e outro.<\/span><\/p>\n<p><span style=\"font-weight: 400;\">Durante a reuni\u00e3o realizada na ter\u00e7a-feira, o presidente do Sindicato dos Propriet\u00e1rios de Centro de Forma\u00e7\u00e3o de Condutores (CFCs) de Minas Gerais, Alessandro Dias, relembrou que o Departamento de Tr\u00e2nsito de Minas Gerais (Detran-MG) vai retomar os agendamentos dos exames j\u00e1 na pr\u00f3xima semana. Por conta disso, muitos alunos procuram outros munic\u00edpios para conclu\u00edrem as aulas.\u00a0<\/span><\/p>\n<p><span style=\"font-weight: 400;\">Al\u00e9m disso, o vereador o vereador Milton Milit\u00e3o, explicou que na cidade h\u00e1 29 centros de forma\u00e7\u00e3o de condutores, que empregam 301 trabalhadores. Para ele, a inclus\u00e3o da Autoescola como atividade essencial contribui na manuten\u00e7\u00e3o de empregos dos funcion\u00e1rios.<\/span><\/p>\n<p><b>Juiz de Fora Pela Vida<\/b><\/p>\n<p><span style=\"font-weight: 400;\">O programa \u2018Juiz de Fora Pela Vida\u2019, foi criado a partir da publica\u00e7\u00e3o do Decreto N\u00ba 4.276, que prev\u00ea novas restri\u00e7\u00f5es, durante o per\u00edodo de calamidade por conta do Covid-19. O projeto regulamenta as atividades econ\u00f4micas e sociais no \u00e2mbito municipal.\u00a0<\/span><\/p>\n<p><span style=\"font-weight: 400;\">Cada atividade contendo seu funcionamento, ficar\u00e1 enquadrada de acordo a identifica\u00e7\u00e3o de faixas, que est\u00e3o previstas nas disposi\u00e7\u00f5es do Conasems. Dentre as normas de preven\u00e7\u00e3o ao Coronav\u00edrus, segue vetada a \u201c realiza\u00e7\u00e3o de eventos, reuni\u00f5es e atividades, de qualquer natureza, de car\u00e1ter p\u00fablico ou privado, em locais fechados com mais de uma pessoa por dez metros quadrados e em locais abertos com mais de uma pessoa por quatro metros quadrados, de modo a evitar aglomera\u00e7\u00e3o de pessoas e observar as regras sanit\u00e1rias e epidemiol\u00f3gicas de enfrentamento da pandemia, sempre observada a faixa de classifica\u00e7\u00e3o do programa\u201d. Segue como obrigat\u00f3rio a utiliza\u00e7\u00e3o de m\u00e1scaras de prote\u00e7\u00e3o, \u00e1lcool em gel, bem como respeitar o distanciamento m\u00ednimo.\u00a0<\/span><\/p>\n<p><b>Divis\u00e3o de cada faixa estabelecida pela Prefeitura<\/b><\/p>\n<p><b>Faixa Roxa<\/b><\/p>\n<p><span style=\"font-weight: 400;\">\u00c9 a fase mais restritiva do programa, na qual ser\u00e1 decretado o \u201clockdown\u201d. O documento n\u00e3o detalha quais atividades foram inclu\u00eddas nesta faixa.<\/span><\/p>\n<p><b>Faixa Vermelha<\/b><\/p>\n<p><span style=\"font-weight: 400;\">\u00c9 a \u00faltima etapa antes do \u201clockdown\u201d, na qual o munic\u00edpio se encontra atualmente. Neste grupo est\u00e3o inclu\u00eddos os setores:<\/span><\/p>\n<ul>\n<li style=\"font-weight: 400;\" aria-level=\"1\"><span style=\"font-weight: 400;\">Agricultura, Alimentos, Bancos e Seguros, Cadeia Produtiva e Atividades Assess\u00f3rias Essenciais, Constru\u00e7\u00e3o Civil e Afins, F\u00e1brica, Energia, Extra\u00e7\u00e3o, Produ\u00e7\u00e3o, Sider\u00fargica e Afins, Sa\u00fade, Telecomunica\u00e7\u00e3o, Comunica\u00e7\u00e3o e Imprensa, Transporte, Ve\u00edculos e Correios, Tratamento de Agu\u00e1, Esgoto e Res\u00edduos, Hot\u00e9is e afins, Atividades jur\u00eddicas, administrativas e cont\u00e1beis, Educa\u00e7\u00e3o Superior (somente aulas pr\u00e1ticas de cursos de sa\u00fade com atendimento ao p\u00fablico), Antiguidades e objetos de arte, Armas e fogos de artif\u00edcio, Artigos esportivos e jogos eletr\u00f4nicos, Floriculturas, Eletrodom\u00e9stico; M\u00f3veis; Artigos dom\u00e9sticos, Departamento e Variedades, Livros, papelaria, discos e revistas, Vestu\u00e1rio, Design e decora\u00e7\u00e3o de interiores, J\u00f3ias e bijuterias, Atividades fotogr\u00e1ficas e similares, Representantes Comerciais e Agentes do Com\u00e9rcio, Publicidade, Atividades profissionais, cient\u00edficas e t\u00e9cnicas, Ensino Curricular (Educa\u00e7\u00e3o superior, n\u00edvel t\u00e9cnico e tecn\u00f3logo) \u2013 100% EAD, Sal\u00f5es de beleza e est\u00e9tica e Atividades esportivas;\u00a0 \u00a0\u00a0<\/span><\/li>\n<\/ul>\n<p><b>Faixa Laranja<\/b><\/p>\n<p><span style=\"font-weight: 400;\">\u00c9 considerada a etapa intermedi\u00e1ria do programa, que abrange as mesmas atividades citadas na Faixa Vermelha, incluindo atividades esportivas e clubes sociais; e forma\u00e7\u00e3o de condutores.<\/span><\/p>\n<p><b>Faixa Amarela<\/b><\/p>\n<p><span style=\"font-weight: 400;\">Nesta faixa, est\u00e1 permitido o funcionamento dos setores de: ag\u00eancias de viagens e servi\u00e7os de reserva; atividades ligadas ao patrim\u00f4nio cultural e ambiental; e ensino extracurricular.<\/span><\/p>\n<p><b>Faixa Verde<\/b><\/p>\n<p><span style=\"font-weight: 400;\">\u00c9 a etapa menos restritiva e tamb\u00e9m a \u00faltima do programa. Nela est\u00e3o inclu\u00eddos os setores:<\/span><\/p>\n<ul>\n<li style=\"font-weight: 400;\" aria-level=\"1\"><span style=\"font-weight: 400;\">Atividades de recrea\u00e7\u00e3o e lazer;<\/span><\/li>\n<li style=\"font-weight: 400;\" aria-level=\"1\"><span style=\"font-weight: 400;\">Aluguel de objetos pessoais e dom\u00e9sticos;<\/span><\/li>\n<li style=\"font-weight: 400;\" aria-level=\"1\"><span style=\"font-weight: 400;\">Atividades de recrea\u00e7\u00e3o e lazer;<\/span><\/li>\n<li style=\"font-weight: 400;\" aria-level=\"1\"><span style=\"font-weight: 400;\">Eventos;<\/span><\/li>\n<li style=\"font-weight: 400;\" aria-level=\"1\"><span style=\"font-weight: 400;\">Cinema;<\/span><\/li>\n<li style=\"font-weight: 400;\" aria-level=\"1\"><span style=\"font-weight: 400;\">Outras atividades de servi\u00e7os pessoais;<\/span><\/li>\n<li style=\"font-weight: 400;\" aria-level=\"1\"><span style=\"font-weight: 400;\">Ensino Curricular (Educa\u00e7\u00e3o infantil, ensino fundamental e m\u00e9dio); <\/span><\/li>\n<\/ul>\n","protected":false},"excerpt":{"rendered":"<p>A Prefeitura de Juiz de Fora (PJF), publicou nesta quinta-feira (4), o Decreto N\u00ba14.301 que prev\u00ea a inclus\u00e3o de Autoescola na \u2018Faixa Vermelha\u2019 do programa \u2018Juiz de Fora Pela Vida\u2019. A decis\u00e3o foi tomada durante reuni\u00e3o realizada entre a prefeita Margarida Salom\u00e3o (PT) e representantes do setor realizada na \u00faltima ter\u00e7a-feira (2). A proposta apresentada [&hellip;]<\/p>\n","protected":false},"author":96,"featured_media":177396,"comment_status":"closed","ping_status":"closed","sticky":false,"template":"","format":"standard","meta":{"footnotes":""},"categories":[253,436,440,439],"tags":[],"class_list":["post-177395","post","type-post","status-publish","format-standard","has-post-thumbnail","hentry","category-cidade","category-destaque-da-semana","category-destaques-do-dia","category-ultima-hora"],"_links":{"self":[{"href":"https:\/\/diarioregionaldigital.com.br\/index.php?rest_route=\/wp\/v2\/posts\/177395","targetHints":{"allow":["GET"]}}],"collection":[{"href":"https:\/\/diarioregionaldigital.com.br\/index.php?rest_route=\/wp\/v2\/posts"}],"about":[{"href":"https:\/\/diarioregionaldigital.com.br\/index.php?rest_route=\/wp\/v2\/types\/post"}],"author":[{"embeddable":true,"href":"https:\/\/diarioregionaldigital.com.br\/index.php?rest_route=\/wp\/v2\/users\/96"}],"replies":[{"embeddable":true,"href":"https:\/\/diarioregionaldigital.com.br\/index.php?rest_route=%2Fwp%2Fv2%2Fcomments&post=177395"}],"version-history":[{"count":0,"href":"https:\/\/diarioregionaldigital.com.br\/index.php?rest_route=\/wp\/v2\/posts\/177395\/revisions"}],"wp:featuredmedia":[{"embeddable":true,"href":"https:\/\/diarioregionaldigital.com.br\/index.php?rest_route=\/wp\/v2\/media\/177396"}],"wp:attachment":[{"href":"https:\/\/diarioregionaldigital.com.br\/index.php?rest_route=%2Fwp%2Fv2%2Fmedia&parent=177395"}],"wp:term":[{"taxonomy":"category","embeddable":true,"href":"https:\/\/diarioregionaldigital.com.br\/index.php?rest_route=%2Fwp%2Fv2%2Fcategories&post=177395"},{"taxonomy":"post_tag","embeddable":true,"href":"https:\/\/diarioregionaldigital.com.br\/index.php?rest_route=%2Fwp%2Fv2%2Ftags&post=177395"}],"curies":[{"name":"wp","href":"https:\/\/api.w.org\/{rel}","templated":true}]}}