{"id":177321,"date":"2021-02-03T20:15:06","date_gmt":"2021-02-03T23:15:06","guid":{"rendered":"https:\/\/diarioregionaldigital.com.br\/?p=177321"},"modified":"2021-02-03T20:15:06","modified_gmt":"2021-02-03T23:15:06","slug":"covid-19-juiz-de-fora-acumula-17-834-pessoas-infectadas-e-727-vidas-perdidas","status":"publish","type":"post","link":"https:\/\/diarioregionaldigital.com.br\/?p=177321","title":{"rendered":"Covid-19: Juiz de Fora acumula 17.834 pessoas infectadas e 727 vidas perdidas"},"content":{"rendered":"<p>O novo boletim epidemiol\u00f3gico divulgado nesta quarta-feira (3) pela Secretaria de Sa\u00fade (SS) da Prefeitura de Juiz de Fora (PJF), aponta que o munic\u00edpio contabilizou mais 104 novos casos por Coronav\u00edrus, acumulando 17.834 pessoas infectadas. Segundo o levantamento, foram notificadas mais 4 mortes, totalizando 727 \u00f3bitos e 56.268 pacientes s\u00e3o suspeitos de terem a doen\u00e7a.<\/p>\n<p><b>\u00d3bitos<\/b><\/p>\n<p>Idosa de 89 anos, morreu na segunda-feira (1). Comorbidade: Doen\u00e7a Cardiovascular Cr\u00f4nica;<\/p>\n<p>Mulher de 54 anos, morreu no domingo (31).\u00a0 Comorbidade: Hipertens\u00e3o;<\/p>\n<p>Idosa de 68 anos, morreu nesta quarta-feira. Comorbidade: Doen\u00e7a Cardiovascular Cr\u00f4nica e Diabetes;<\/p>\n<p>Jovem de 21 anos, morreu na ter\u00e7a-feira (2). Comorbidade: Doen\u00e7a Neurol\u00f3gica Cr\u00f4nica;<\/p>\n<p><b>Leitos\u00a0<\/b><\/p>\n<p>Segundo informa\u00e7\u00f5es da PJF, 308 pessoas est\u00e3o hospitalizadas por covid-19 no munic\u00edpio. Ao todo, 117 pacientes ocupam leitos de UTI (p\u00fablico e privado) e 191 de enfermaria. A taxa de ocupa\u00e7\u00e3o dos leitos de UTI da rede p\u00fablica \u00e9 de 84,47%. J\u00e1 os leitos de UTI particulares, 52,03% est\u00e3o ocupados.<\/p>\n","protected":false},"excerpt":{"rendered":"<p>O novo boletim epidemiol\u00f3gico divulgado nesta quarta-feira (3) pela Secretaria de Sa\u00fade (SS) da Prefeitura de Juiz de Fora (PJF), aponta que o munic\u00edpio contabilizou mais 104 novos casos por Coronav\u00edrus, acumulando 17.834 pessoas infectadas. Segundo o levantamento, foram notificadas mais 4 mortes, totalizando 727 \u00f3bitos e 56.268 pacientes s\u00e3o suspeitos de terem a doen\u00e7a. [&hellip;]<\/p>\n","protected":false},"author":96,"featured_media":172779,"comment_status":"closed","ping_status":"closed","sticky":false,"template":"","format":"standard","meta":{"footnotes":""},"categories":[253,436,440,439],"tags":[],"class_list":["post-177321","post","type-post","status-publish","format-standard","has-post-thumbnail","hentry","category-cidade","category-destaque-da-semana","category-destaques-do-dia","category-ultima-hora"],"_links":{"self":[{"href":"https:\/\/diarioregionaldigital.com.br\/index.php?rest_route=\/wp\/v2\/posts\/177321","targetHints":{"allow":["GET"]}}],"collection":[{"href":"https:\/\/diarioregionaldigital.com.br\/index.php?rest_route=\/wp\/v2\/posts"}],"about":[{"href":"https:\/\/diarioregionaldigital.com.br\/index.php?rest_route=\/wp\/v2\/types\/post"}],"author":[{"embeddable":true,"href":"https:\/\/diarioregionaldigital.com.br\/index.php?rest_route=\/wp\/v2\/users\/96"}],"replies":[{"embeddable":true,"href":"https:\/\/diarioregionaldigital.com.br\/index.php?rest_route=%2Fwp%2Fv2%2Fcomments&post=177321"}],"version-history":[{"count":0,"href":"https:\/\/diarioregionaldigital.com.br\/index.php?rest_route=\/wp\/v2\/posts\/177321\/revisions"}],"wp:featuredmedia":[{"embeddable":true,"href":"https:\/\/diarioregionaldigital.com.br\/index.php?rest_route=\/wp\/v2\/media\/172779"}],"wp:attachment":[{"href":"https:\/\/diarioregionaldigital.com.br\/index.php?rest_route=%2Fwp%2Fv2%2Fmedia&parent=177321"}],"wp:term":[{"taxonomy":"category","embeddable":true,"href":"https:\/\/diarioregionaldigital.com.br\/index.php?rest_route=%2Fwp%2Fv2%2Fcategories&post=177321"},{"taxonomy":"post_tag","embeddable":true,"href":"https:\/\/diarioregionaldigital.com.br\/index.php?rest_route=%2Fwp%2Fv2%2Ftags&post=177321"}],"curies":[{"name":"wp","href":"https:\/\/api.w.org\/{rel}","templated":true}]}}