{"id":177318,"date":"2021-02-03T20:09:27","date_gmt":"2021-02-03T23:09:27","guid":{"rendered":"https:\/\/diarioregionaldigital.com.br\/?p=177318"},"modified":"2021-02-03T20:09:27","modified_gmt":"2021-02-03T23:09:27","slug":"abastecimento-de-agua-na-cidade-alta-pode-ficar-comprometido-nesta-quinta-feira","status":"publish","type":"post","link":"https:\/\/diarioregionaldigital.com.br\/?p=177318","title":{"rendered":"Abastecimento de \u00e1gua na Cidade Alta pode ficar comprometido nesta quinta-feira"},"content":{"rendered":"<p><span style=\"font-weight: 400;\">A Companhia de Saneamento Municipal (Cesama) da Prefeitura de Juiz de Fora (PJF) vai executar nesta quinta-feira (4), servi\u00e7os de manuten\u00e7\u00e3o de uma elevat\u00f3ria que integra o sistema da Esta\u00e7\u00e3o de Tratamento de \u00c1gua (ETA) do Bairro S\u00e3o Pedro. Os trabalhos ser\u00e3o feitos entre as 06h00 e 10h00.\u00a0<\/span><\/p>\n<p><span style=\"font-weight: 400;\">Diante disso, o abastecimento de \u00e1gua pode ficar comprometido nos Bairros: Nova Germ\u00e2nia, Cai\u00e7aras, Neo Residencial, Alto dos Pinheiros, Adolfo Vireque, Jardim Casablanca, Nossa Senhora de F\u00e1tima, Morada do Serro, Santos Dumont, Spinaville, Via do Sol, Parque S\u00e3o Pedro, Maril\u00e2ndia, Portal da Torre, Bosque do Imperador, Parque Imperial, Granville e Flamboyant.<\/span><\/p>\n<p><span style=\"font-weight: 400;\">A Cesama informa que o abastecimento deve ser devidamente regularizado at\u00e9 \u00e0s 22h00.<\/span><\/p>\n","protected":false},"excerpt":{"rendered":"<p>A Companhia de Saneamento Municipal (Cesama) da Prefeitura de Juiz de Fora (PJF) vai executar nesta quinta-feira (4), servi\u00e7os de manuten\u00e7\u00e3o de uma elevat\u00f3ria que integra o sistema da Esta\u00e7\u00e3o de Tratamento de \u00c1gua (ETA) do Bairro S\u00e3o Pedro. Os trabalhos ser\u00e3o feitos entre as 06h00 e 10h00.\u00a0 Diante disso, o abastecimento de \u00e1gua pode [&hellip;]<\/p>\n","protected":false},"author":96,"featured_media":177319,"comment_status":"closed","ping_status":"closed","sticky":false,"template":"","format":"standard","meta":{"footnotes":""},"categories":[253,436,439],"tags":[],"class_list":["post-177318","post","type-post","status-publish","format-standard","has-post-thumbnail","hentry","category-cidade","category-destaque-da-semana","category-ultima-hora"],"_links":{"self":[{"href":"https:\/\/diarioregionaldigital.com.br\/index.php?rest_route=\/wp\/v2\/posts\/177318","targetHints":{"allow":["GET"]}}],"collection":[{"href":"https:\/\/diarioregionaldigital.com.br\/index.php?rest_route=\/wp\/v2\/posts"}],"about":[{"href":"https:\/\/diarioregionaldigital.com.br\/index.php?rest_route=\/wp\/v2\/types\/post"}],"author":[{"embeddable":true,"href":"https:\/\/diarioregionaldigital.com.br\/index.php?rest_route=\/wp\/v2\/users\/96"}],"replies":[{"embeddable":true,"href":"https:\/\/diarioregionaldigital.com.br\/index.php?rest_route=%2Fwp%2Fv2%2Fcomments&post=177318"}],"version-history":[{"count":0,"href":"https:\/\/diarioregionaldigital.com.br\/index.php?rest_route=\/wp\/v2\/posts\/177318\/revisions"}],"wp:featuredmedia":[{"embeddable":true,"href":"https:\/\/diarioregionaldigital.com.br\/index.php?rest_route=\/wp\/v2\/media\/177319"}],"wp:attachment":[{"href":"https:\/\/diarioregionaldigital.com.br\/index.php?rest_route=%2Fwp%2Fv2%2Fmedia&parent=177318"}],"wp:term":[{"taxonomy":"category","embeddable":true,"href":"https:\/\/diarioregionaldigital.com.br\/index.php?rest_route=%2Fwp%2Fv2%2Fcategories&post=177318"},{"taxonomy":"post_tag","embeddable":true,"href":"https:\/\/diarioregionaldigital.com.br\/index.php?rest_route=%2Fwp%2Fv2%2Ftags&post=177318"}],"curies":[{"name":"wp","href":"https:\/\/api.w.org\/{rel}","templated":true}]}}