{"id":177312,"date":"2021-02-03T18:27:31","date_gmt":"2021-02-03T21:27:31","guid":{"rendered":"https:\/\/diarioregionaldigital.com.br\/?p=177312"},"modified":"2021-02-03T18:27:31","modified_gmt":"2021-02-03T21:27:31","slug":"plataforma-busco-saude-monitora-vacinacao-em-juiz-de-fora","status":"publish","type":"post","link":"https:\/\/diarioregionaldigital.com.br\/?p=177312","title":{"rendered":"Plataforma Busco-sa\u00fade monitora vacina\u00e7\u00e3o em Juiz de Fora"},"content":{"rendered":"<p><span style=\"font-weight: 400;\">A plataforma Busco-sa\u00fade, desenvolvida e monitorada em parceria com pesquisadores da Universidade Federal de Juiz de Fora (UFJF), foi ampliada para controlar o processo de vacina\u00e7\u00e3o no munic\u00edpio. O sistema permite armazenar e atualizar, em tempo real, dados como o n\u00famero de pessoas vacinadas, a quantidade de vacinas dispon\u00edveis, os locais de aplica\u00e7\u00e3o e os profissionais envolvidos no processo. O registro tamb\u00e9m ser\u00e1 utilizado para a realiza\u00e7\u00e3o de an\u00e1lises epidemiol\u00f3gicas sobre a pandemia em Juiz de Fora.<\/span><\/p>\n<p><span style=\"font-weight: 400;\">De acordo com a coordenadora do Grupo de Modelagem Computacional Aplicada da UFJF, Priscila Capriles, o monitoramento possibilitado pela Plataforma Busco-sa\u00fade confere mais seguran\u00e7a ao processo de imuniza\u00e7\u00e3o na cidade. \u201cCom um controle fiel dos dados, temos o objetivo de evitar situa\u00e7\u00f5es de \u2018fura filas\u2019 e de perda do prazo para a segunda dose, por exemplo.\u201d O sistema \u00e9 acess\u00edvel para gestores municipais, pesquisadores e profissionais autorizados, sendo desenvolvido por meio de uma parceria da UFJF com a Prefeitura de Juiz de Fora e a startup Automaway, incubada pelo Centro Regional de Inova\u00e7\u00e3o e Transfer\u00eancia de Tecnologia (Critt). A pesquisadora tamb\u00e9m destaca que a tecnologia pode ser adaptada para outros munic\u00edpios e regi\u00f5es.<\/span><\/p>\n<p><b>Impactos e estudos epidemiol\u00f3gicos<\/b><\/p>\n<p><span style=\"font-weight: 400;\">O coordenador do Programa de P\u00f3s-gradua\u00e7\u00e3o em Sa\u00fade e integrante do Grupo de Modelagem Epidemiol\u00f3gica da UFJF, Fernando Colugnati, frisa que, devido ao acesso dos pesquisadores \u00e0s informa\u00e7\u00f5es registradas na Plataforma Busco-sa\u00fade, ser\u00e1 poss\u00edvel avaliar e compartilhar os impactos da campanha de imuniza\u00e7\u00e3o em Juiz de Fora. \u201cSomente com esses dados em m\u00e3os conseguiremos realizar uma an\u00e1lise epidemiol\u00f3gica cientificamente embasada. Poderemos, por exemplo, acompanhar quais grupos de pessoas e regi\u00f5es est\u00e3o em processo de imuniza\u00e7\u00e3o, bem como observar os impactos de cada fase nos indicadores de transmiss\u00e3o. Futuramente, ser\u00e1 poss\u00edvel ver como isso \u00e9 refletido em n\u00fameros que j\u00e1 analisamos em notas t\u00e9cnicas anteriores, como o de ocupa\u00e7\u00e3o de leitos na cidade.\u201d<\/span><\/p>\n<p><b>Atendimento via telefone<\/b><\/p>\n<p><span style=\"font-weight: 400;\">Al\u00e9m de monitorar o processo de vacina\u00e7\u00e3o em Juiz de Fora, a Plataforma Busco-sa\u00fade tamb\u00e9m segue realizando o trabalho que inicialmente motivou sua cria\u00e7\u00e3o: oferecer ao cidad\u00e3o um servi\u00e7o de esclarecimento de d\u00favidas sobre a Covid-19 e orienta\u00e7\u00f5es em casos de suspeita da doen\u00e7a. O atendimento \u00e9 gratuito e realizado por telefone (32) 3512-0768 ou pelo <\/span><span style=\"font-weight: 400;\">site oficial<\/span><span style=\"font-weight: 400;\">. \u00c9 poss\u00edvel utiliz\u00e1-lo de segunda \u00e0 sexta-feira, das 8h \u00e0s 18h.<\/span><\/p>\n","protected":false},"excerpt":{"rendered":"<p>A plataforma Busco-sa\u00fade, desenvolvida e monitorada em parceria com pesquisadores da Universidade Federal de Juiz de Fora (UFJF), foi ampliada para controlar o processo de vacina\u00e7\u00e3o no munic\u00edpio. O sistema permite armazenar e atualizar, em tempo real, dados como o n\u00famero de pessoas vacinadas, a quantidade de vacinas dispon\u00edveis, os locais de aplica\u00e7\u00e3o e os [&hellip;]<\/p>\n","protected":false},"author":96,"featured_media":177313,"comment_status":"closed","ping_status":"closed","sticky":false,"template":"","format":"standard","meta":{"footnotes":""},"categories":[253,436,439],"tags":[],"class_list":["post-177312","post","type-post","status-publish","format-standard","has-post-thumbnail","hentry","category-cidade","category-destaque-da-semana","category-ultima-hora"],"_links":{"self":[{"href":"https:\/\/diarioregionaldigital.com.br\/index.php?rest_route=\/wp\/v2\/posts\/177312","targetHints":{"allow":["GET"]}}],"collection":[{"href":"https:\/\/diarioregionaldigital.com.br\/index.php?rest_route=\/wp\/v2\/posts"}],"about":[{"href":"https:\/\/diarioregionaldigital.com.br\/index.php?rest_route=\/wp\/v2\/types\/post"}],"author":[{"embeddable":true,"href":"https:\/\/diarioregionaldigital.com.br\/index.php?rest_route=\/wp\/v2\/users\/96"}],"replies":[{"embeddable":true,"href":"https:\/\/diarioregionaldigital.com.br\/index.php?rest_route=%2Fwp%2Fv2%2Fcomments&post=177312"}],"version-history":[{"count":0,"href":"https:\/\/diarioregionaldigital.com.br\/index.php?rest_route=\/wp\/v2\/posts\/177312\/revisions"}],"wp:featuredmedia":[{"embeddable":true,"href":"https:\/\/diarioregionaldigital.com.br\/index.php?rest_route=\/wp\/v2\/media\/177313"}],"wp:attachment":[{"href":"https:\/\/diarioregionaldigital.com.br\/index.php?rest_route=%2Fwp%2Fv2%2Fmedia&parent=177312"}],"wp:term":[{"taxonomy":"category","embeddable":true,"href":"https:\/\/diarioregionaldigital.com.br\/index.php?rest_route=%2Fwp%2Fv2%2Fcategories&post=177312"},{"taxonomy":"post_tag","embeddable":true,"href":"https:\/\/diarioregionaldigital.com.br\/index.php?rest_route=%2Fwp%2Fv2%2Ftags&post=177312"}],"curies":[{"name":"wp","href":"https:\/\/api.w.org\/{rel}","templated":true}]}}