{"id":177214,"date":"2021-02-02T18:11:08","date_gmt":"2021-02-02T21:11:08","guid":{"rendered":"https:\/\/diarioregionaldigital.com.br\/?p=177214"},"modified":"2021-02-02T18:11:08","modified_gmt":"2021-02-02T21:11:08","slug":"espacos-culturais-retomam-atividades-presenciais-em-minas","status":"publish","type":"post","link":"https:\/\/diarioregionaldigital.com.br\/?p=177214","title":{"rendered":"Espa\u00e7os culturais retomam atividades presenciais em Minas"},"content":{"rendered":"<p>A abertura dos espa\u00e7os culturais e o funcionamento dos servi\u00e7os tur\u00edsticos foram liberados com a ado\u00e7\u00e3o de protocolos sanit\u00e1rios e de seguran\u00e7a mais r\u00edgidos. Esta \u00e9 uma das possibilidades estendidas\u00a0aos munic\u00edpios que aderiram ao plano\u00a0<a href=\"http:\/\/www.mg.gov.br\/minasconsciente\" target=\"_blank\" rel=\"noopener noreferrer\">Minas Consciente<\/a>, de retomada gradual e segura das atividades.\u00a0Modernizado recentemente, o plano estadual est\u00e1, neste momento, em sua\u00a0terceira fase.<\/p>\n<p>Seguindo esse direcionamento, os\u00a0espa\u00e7os culturais sob gest\u00e3o da\u00a0<a href=\"http:\/\/www.secult.mg.gov.br\/\" target=\"_blank\" rel=\"noopener noreferrer\">Secretaria de Estado de Cultura e Turismo (Secult)<\/a>, al\u00e9m de outros que integram o Sistema Estadual de Cultura e Turismo, na capital e no interior, est\u00e3o autorizados a reabrir ao p\u00fablico e oferecer programa\u00e7\u00f5es presencialmente a partir deste m\u00eas de fevereiro.<\/p>\n<p>De acordo o secret\u00e1rio de Estado de Cultura e Turismo, Le\u00f4nidas de Oliveira, a medida vem trazer alento para as cadeias produtivas de ambos os segmentos, al\u00e9m de fortalecer o Sistema Estadual de Cultura e Turismo.<\/p>\n<p>\u201cA arte, a cultura e o turismo t\u00eam vivido uma ant\u00edtese. Ao mesmo tempo em que s\u00e3o os setores mais atingidos pela pandemia, v\u00eam proporcionando conforto e entretenimento a uma sociedade praticamente isolada. Chegou a hora de retomarmos essas atividades, contribuindo para gerar emprego e renda aos profissionais, movimentando a economia. Visitem nossos museus, que est\u00e3o reabrindo suas portas, sem esquecer, claro, dos protocolos de seguran\u00e7a sanit\u00e1ria que v\u00e3o resguardar a sa\u00fade de todos\u201d, diz o secret\u00e1rio.<\/p>\n<p><b>Circuito Liberdade<\/b><\/p>\n<p>Em Belo Horizonte, alguns equipamentos culturais que t\u00eam gest\u00e3o da Secult e que integram o\u00a0<a href=\"http:\/\/www.circuitoliberdade.mg.gov.br\/\" target=\"_blank\" rel=\"noopener noreferrer\">Circuito Liberdade<\/a>\u00a0j\u00e1 trabalham para acertar o retorno de suas atividades presenciais. A partir de quinta-feira (4\/2), o Museu Mineiro, o Museus dos Militares Mineiros e o Centro de Arte Popular, por exemplo, estar\u00e3o abertos para visita\u00e7\u00e3o. O Arquivo P\u00fablico Mineiro e a Biblioteca P\u00fablica Estadual de Minas Gerais, por outro lado, ainda n\u00e3o reabriram ao p\u00fablico, uma vez que n\u00e3o se enquadram nas atividades &#8220;museus, galerias de arte e exposi\u00e7\u00f5es&#8221;.<\/p>\n<p>Entre demais equipamentos culturais do Circuito, o CCBB e o Centro Cultural Minas T\u00eanis Clube j\u00e1 est\u00e3o abertos. O MM Gerdau, o Memorial Minas Vale, o Espa\u00e7o do Conhecimento UFMG, a Escola de Design UEMG e o BDMG Cultural seguem fechados, mas com programa\u00e7\u00e3o virtual. A Casa Fiat de Cultura e a Academia Mineira de Letras tamb\u00e9m est\u00e3o fechadas para o p\u00fablico, mas oferecem programa\u00e7\u00f5es virtuais in\u00e9ditas.<\/p>\n<p>Na\u00a0<a href=\"http:\/\/www.fcs.mg.gov.br\/\" target=\"_blank\" rel=\"noopener noreferrer\">Funda\u00e7\u00e3o Cl\u00f3vis Salgado (FCS)<\/a>, as galerias do Pal\u00e1cio das Artes e a C\u00e2meraSete \u2013 Casa da Fotografia de Minas Gerais tamb\u00e9m est\u00e3o com reabertura prevista para\u00a04\/2.<\/p>\n<p><b>Museus do interior<\/b><\/p>\n<p>A quinta-feira (4\/2) tamb\u00e9m marcar\u00e1 a retomada das atividades presenciais nos museus e centros culturais sob administra\u00e7\u00e3o da Secult no interior do estado. O Museu Casa Guignard, em Ouro Preto, a Casa Guimar\u00e3es Rosa, em Cordisburgo, e o Museu Casa Alphonsus Guimaraens, em Mariana, est\u00e3o preparados para receber visita\u00e7\u00f5es. A\u00a0<a href=\"http:\/\/www.faop.mg.gov.br\/\" target=\"_blank\" rel=\"noopener noreferrer\">Funda\u00e7\u00e3o de Arte de Ouro Preto (Faop)<\/a>\u00a0reabrir\u00e1 na sexta-feira (5\/2). J\u00e1 o\u00a0Museu do Cr\u00e9dito Real, localizado em Juiz de Fora, permanecer\u00e1 fechado para readequa\u00e7\u00e3o da exposi\u00e7\u00e3o de longa dura\u00e7\u00e3o.<\/p>\n<p>A programa\u00e7\u00e3o completa dos espa\u00e7os culturais do Sistema Estadual de Cultura e Turismo pode ser consultada em\u00a0<a href=\"http:\/\/www.secult.mg.gov.br\/\" target=\"_blank\" rel=\"noopener noreferrer\">www.secult.mg.gov.br<\/a>.<\/p>\n<p><b>Protocolos de seguran\u00e7a<\/b><\/p>\n<p>A atualiza\u00e7\u00e3o do Minas Consciente permite que os equipamentos culturais possam disponibilizar suas programa\u00e7\u00f5es presenciais em todos os munic\u00edpios que aderiram ao plano. Independentemente da onda, por\u00e9m, \u00e9 necess\u00e1rio seguir as medidas de distanciamento e os protocolos sanit\u00e1rios definidos pelos \u00f3rg\u00e3os de sa\u00fade. Na Onda Vermelha, por exemplo, s\u00e3o permitidos eventos para at\u00e9 30 pessoas, com 10m\u00b2\u00a0de distanciamento; na Onda Verde, por sua vez,\u00a0o m\u00e1ximo s\u00e3o 250 pessoas com 4m\u00b2\u00a0de distanciamento, al\u00e9m do uso de m\u00e1scaras e demais medidas conhecidas.<\/p>\n<p>O uso de m\u00e1scara de prote\u00e7\u00e3o, cobrindo nariz e boca, para ter acesso a quaisquer depend\u00eancias dos espa\u00e7os ser\u00e1 obrigat\u00f3rio. Os visitantes dever\u00e3o manter as m\u00e3os higienizadas, seguir o fluxo \u00fanico da exposi\u00e7\u00e3o e manter o distanciamento m\u00ednimo em rela\u00e7\u00e3o a outras pessoas (de acordo com as dist\u00e2ncias constantes do protocolo). O distanciamento dever\u00e1 ser respeitado tanto na fila de acesso ao local quanto no trajeto expositivo.<\/p>\n<p>\u00c9 necess\u00e1rio que cada visitante traga consigo sua pr\u00f3pria m\u00e1scara, seja ela reutiliz\u00e1vel ou descart\u00e1vel. Os bebedouros de \u00e1gua que exigem aproxima\u00e7\u00e3o da boca para ingest\u00e3o estar\u00e3o lacrados, permitindo-se somente o funcionamento do dispensador de \u00e1gua para copos descart\u00e1veis ou garrafas trazidas pelos visitantes.<\/p>\n<p>Por orienta\u00e7\u00e3o da\u00a0<a href=\"http:\/\/www.saude.mg.gov.br\/\" target=\"_blank\" rel=\"noopener noreferrer\">Secretaria de Estado de Sa\u00fade (SES-MG)<\/a>, a utiliza\u00e7\u00e3o de guarda-volumes n\u00e3o \u00e9 recomendada. Sendo assim, a orienta\u00e7\u00e3o \u00e9 evitar levar bolsas, mochilas ou sacolas para os museus. Para evitar aglomera\u00e7\u00f5es, as visitas em grupo est\u00e3o suspensas enquanto perdurar a pandemia provocada pelo coronav\u00edrus. Pessoas de grupos de risco e com sintomas gripais dever\u00e3o, por enquanto, evitar a visita aos centros culturais.<\/p>\n<p><strong>Fonte:\u00a0<\/strong>Ag\u00eancia Minas<\/p>\n","protected":false},"excerpt":{"rendered":"<p>A abertura dos espa\u00e7os culturais e o funcionamento dos servi\u00e7os tur\u00edsticos foram liberados com a ado\u00e7\u00e3o de protocolos sanit\u00e1rios e de seguran\u00e7a mais r\u00edgidos. Esta \u00e9 uma das possibilidades estendidas\u00a0aos munic\u00edpios que aderiram ao plano\u00a0Minas Consciente, de retomada gradual e segura das atividades.\u00a0Modernizado recentemente, o plano estadual est\u00e1, neste momento, em sua\u00a0terceira fase. Seguindo esse [&hellip;]<\/p>\n","protected":false},"author":96,"featured_media":177215,"comment_status":"closed","ping_status":"closed","sticky":false,"template":"","format":"standard","meta":{"footnotes":""},"categories":[436,254,439],"tags":[],"class_list":["post-177214","post","type-post","status-publish","format-standard","has-post-thumbnail","hentry","category-destaque-da-semana","category-politica","category-ultima-hora"],"_links":{"self":[{"href":"https:\/\/diarioregionaldigital.com.br\/index.php?rest_route=\/wp\/v2\/posts\/177214","targetHints":{"allow":["GET"]}}],"collection":[{"href":"https:\/\/diarioregionaldigital.com.br\/index.php?rest_route=\/wp\/v2\/posts"}],"about":[{"href":"https:\/\/diarioregionaldigital.com.br\/index.php?rest_route=\/wp\/v2\/types\/post"}],"author":[{"embeddable":true,"href":"https:\/\/diarioregionaldigital.com.br\/index.php?rest_route=\/wp\/v2\/users\/96"}],"replies":[{"embeddable":true,"href":"https:\/\/diarioregionaldigital.com.br\/index.php?rest_route=%2Fwp%2Fv2%2Fcomments&post=177214"}],"version-history":[{"count":0,"href":"https:\/\/diarioregionaldigital.com.br\/index.php?rest_route=\/wp\/v2\/posts\/177214\/revisions"}],"wp:featuredmedia":[{"embeddable":true,"href":"https:\/\/diarioregionaldigital.com.br\/index.php?rest_route=\/wp\/v2\/media\/177215"}],"wp:attachment":[{"href":"https:\/\/diarioregionaldigital.com.br\/index.php?rest_route=%2Fwp%2Fv2%2Fmedia&parent=177214"}],"wp:term":[{"taxonomy":"category","embeddable":true,"href":"https:\/\/diarioregionaldigital.com.br\/index.php?rest_route=%2Fwp%2Fv2%2Fcategories&post=177214"},{"taxonomy":"post_tag","embeddable":true,"href":"https:\/\/diarioregionaldigital.com.br\/index.php?rest_route=%2Fwp%2Fv2%2Ftags&post=177214"}],"curies":[{"name":"wp","href":"https:\/\/api.w.org\/{rel}","templated":true}]}}