{"id":177211,"date":"2021-02-02T18:08:27","date_gmt":"2021-02-02T21:08:27","guid":{"rendered":"https:\/\/diarioregionaldigital.com.br\/?p=177211"},"modified":"2021-02-02T18:08:27","modified_gmt":"2021-02-02T21:08:27","slug":"servico-social-da-defesa-civil-atende-mais-de-50-familias-em-janeiro","status":"publish","type":"post","link":"https:\/\/diarioregionaldigital.com.br\/?p=177211","title":{"rendered":"Servi\u00e7o Social da Defesa Civil atende mais de 50 fam\u00edlias em janeiro"},"content":{"rendered":"<p><span style=\"font-weight: 400;\">O Servi\u00e7o Social da Defesa Civil da Prefeitura de Juiz de Fora (PJF) realizou, no m\u00eas de janeiro, atendimento a 58 fam\u00edlias. O setor \u00e9 acionado para atuar quando, durante a vistoria, \u00e9 identificada situa\u00e7\u00e3o de vulnerabilidade social.<\/span><\/p>\n<p><span style=\"font-weight: 400;\">O atendimento envolve avalia\u00e7\u00e3o social da fam\u00edlia, orienta\u00e7\u00e3o e encaminhamento para a Rede Social de Prote\u00e7\u00e3o do Munic\u00edpio. A assistente social N\u00e1dia Barbosa pontua que o trabalho \u00e9 pela garantia de direitos da popula\u00e7\u00e3o. \u201cAs pessoas confundem muito a assist\u00eancia social com o assistencialismo. No Servi\u00e7o Social a gente trabalha proporcionando aos usu\u00e1rios que eles tenham acesso ao direito, j\u00e1 o assistencialismo \u00e9 ligado a filantropia\u201d, afirma.<\/span><\/p>\n<p><span style=\"font-weight: 400;\">O Servi\u00e7o Social tamb\u00e9m \u00e9 acionado em todas as situa\u00e7\u00f5es de interdi\u00e7\u00e3o de im\u00f3vel, mesmo que n\u00e3o sejam contextos de vulnerabilidade social. Nesses casos, se a renda da fam\u00edlia for de at\u00e9 dois sal\u00e1rios m\u00ednimos, inicia-se o processo para recebimento de aux\u00edlio moradia. Neste m\u00eas, sete fam\u00edlias foram encaminhadas para receber o benef\u00edcio. A assistente social aponta, ainda, a import\u00e2ncia de desenvolver um programa municipal habitacional que seja porta de sa\u00edda para os usu\u00e1rios do aux\u00edlio moradia e programas de Engenharia P\u00fablica, que \u00e9 uma das propostas da atual Administra\u00e7\u00e3o da PJF.<\/span><\/p>\n<p><span style=\"font-weight: 400;\">Um dos pontos defendidos por N\u00e1dia \u00e9 a urg\u00eancia em reconhecer e fortalecer o trabalho do Servi\u00e7o Social. Durante a maior parte dos dois anos em que atua na Defesa Civil, ela foi a \u00fanica profissional do setor. Com o governo atual, j\u00e1 sentiu melhora na perspectiva de valoriza\u00e7\u00e3o. Em janeiro, para atender as demandas, a assistente social Adiana Moreira &#8211; lotada na Secretaria de Desenvolvimento Social &#8211; foi cedida temporariamente \u00e0 Defesa Civil em car\u00e1ter emergencial com base no decreto 13.503\/18. Com o apoio, foi poss\u00edvel atender as fam\u00edlias com mais agilidade. A PJF vai refor\u00e7ar o setor, realizando a convoca\u00e7\u00e3o de profissionais aprovados no \u00faltimo concurso.<\/span><\/p>\n<p><b>Distribui\u00e7\u00e3o de kits e cestas<\/b><\/p>\n<p><span style=\"font-weight: 400;\">Durante o m\u00eas de janeiro, a Defesa Civil entregou 44 cestas b\u00e1sicas. Os produtos vieram de doa\u00e7\u00f5es da comunidade, de ONG\u2019s, de redes de supermercado e do pr\u00f3prio munic\u00edpio. Al\u00e9m disso, a Defesa Civil recebeu carregamento de doa\u00e7\u00f5es conseguidas junto \u00e0 Coordenadoria Estadual de Defesa Civil (Cedec-MG) contendo kits de limpeza, de higiene e de dormit\u00f3rio, al\u00e9m de \u00e1gua, colch\u00f5es, \u00e1gua sanit\u00e1ria e \u00e1lcool em gel. As pessoas atingidas pelas chuvas este m\u00eas receberam, ao todo, 20 kits de higiene, 20 kits de limpeza, 138 garrafas de \u00e1gua mineral, 335 kits de \u00e1lcool em gel, 80 litros de \u00e1gua sanit\u00e1ria, 36 colch\u00f5es, 36 kits de dormit\u00f3rios e 32 jogos de len\u00e7\u00f3is de solteiros.<\/span><\/p>\n<p><b>A\u00e7\u00f5es preventivas<\/b><\/p>\n<p><span style=\"font-weight: 400;\">O Servi\u00e7o Social atua nos dois departamentos da Defesa Civil: o de opera\u00e7\u00f5es t\u00e9cnicas e o de a\u00e7\u00f5es preventivas. \u201cQuando acaba o per\u00edodo chuvoso, atuamos em a\u00e7\u00f5es de preven\u00e7\u00e3o como a realiza\u00e7\u00e3o de palestras em escolas, ONG\u2019s e Cras\u201d, afirma N\u00e1dia. Ela destaca que o trabalho preventivo realizado pela Defesa Civil \u00e9 fundamental para evitar ocorr\u00eancias.<\/span><\/p>\n<p><span style=\"font-weight: 400;\">Uma das a\u00e7\u00f5es de preven\u00e7\u00e3o \u00e9 a forma\u00e7\u00e3o de grupos territorializados de volunt\u00e1rios para o N\u00facleo de Prote\u00e7\u00e3o e Defesa Civil (Nupdec). Os interessados passam por nove m\u00f3dulos de capacita\u00e7\u00e3o com o objetivo de desenvolver um olhar capacitado para identificar situa\u00e7\u00f5es de risco e saber quando acionar os t\u00e9cnicos da Defesa Civil. A decis\u00e3o da regi\u00e3o na qual ser\u00e1 formada o Nupdec \u00e9 tomada a partir do mapeamento de risco feito pela Defesa Civil e o foco \u00e9 formar volunt\u00e1rios nas regi\u00f5es com mais situa\u00e7\u00f5es de risco registradas. Em Juiz de Fora, h\u00e1 um n\u00facleo localizado na regi\u00e3o Leste e os trabalhos para a forma\u00e7\u00e3o de novos ser\u00e3o retomados quando for seguro realizar os encontros de capacita\u00e7\u00e3o.<\/span><\/p>\n<p><span style=\"font-weight: 400;\">O Servi\u00e7o Social tamb\u00e9m auxilia os membros da Associa\u00e7\u00e3o dos Agentes Volunt\u00e1rios de Defesa Civil (Avadec). S\u00e3o volunt\u00e1rios independentes de diversas regi\u00f5es da cidade, que se re\u00fanem uma vez por m\u00eas na Defesa Civil e ajudam a disseminar informa\u00e7\u00f5es sobre preven\u00e7\u00e3o nos bairros da cidade.<\/span><\/p>\n<p><strong>Fonte:\u00a0<\/strong>Assessoria<\/p>\n","protected":false},"excerpt":{"rendered":"<p>O Servi\u00e7o Social da Defesa Civil da Prefeitura de Juiz de Fora (PJF) realizou, no m\u00eas de janeiro, atendimento a 58 fam\u00edlias. O setor \u00e9 acionado para atuar quando, durante a vistoria, \u00e9 identificada situa\u00e7\u00e3o de vulnerabilidade social. O atendimento envolve avalia\u00e7\u00e3o social da fam\u00edlia, orienta\u00e7\u00e3o e encaminhamento para a Rede Social de Prote\u00e7\u00e3o do [&hellip;]<\/p>\n","protected":false},"author":96,"featured_media":177212,"comment_status":"closed","ping_status":"closed","sticky":false,"template":"","format":"standard","meta":{"footnotes":""},"categories":[253,436,439],"tags":[],"class_list":["post-177211","post","type-post","status-publish","format-standard","has-post-thumbnail","hentry","category-cidade","category-destaque-da-semana","category-ultima-hora"],"_links":{"self":[{"href":"https:\/\/diarioregionaldigital.com.br\/index.php?rest_route=\/wp\/v2\/posts\/177211","targetHints":{"allow":["GET"]}}],"collection":[{"href":"https:\/\/diarioregionaldigital.com.br\/index.php?rest_route=\/wp\/v2\/posts"}],"about":[{"href":"https:\/\/diarioregionaldigital.com.br\/index.php?rest_route=\/wp\/v2\/types\/post"}],"author":[{"embeddable":true,"href":"https:\/\/diarioregionaldigital.com.br\/index.php?rest_route=\/wp\/v2\/users\/96"}],"replies":[{"embeddable":true,"href":"https:\/\/diarioregionaldigital.com.br\/index.php?rest_route=%2Fwp%2Fv2%2Fcomments&post=177211"}],"version-history":[{"count":0,"href":"https:\/\/diarioregionaldigital.com.br\/index.php?rest_route=\/wp\/v2\/posts\/177211\/revisions"}],"wp:featuredmedia":[{"embeddable":true,"href":"https:\/\/diarioregionaldigital.com.br\/index.php?rest_route=\/wp\/v2\/media\/177212"}],"wp:attachment":[{"href":"https:\/\/diarioregionaldigital.com.br\/index.php?rest_route=%2Fwp%2Fv2%2Fmedia&parent=177211"}],"wp:term":[{"taxonomy":"category","embeddable":true,"href":"https:\/\/diarioregionaldigital.com.br\/index.php?rest_route=%2Fwp%2Fv2%2Fcategories&post=177211"},{"taxonomy":"post_tag","embeddable":true,"href":"https:\/\/diarioregionaldigital.com.br\/index.php?rest_route=%2Fwp%2Fv2%2Ftags&post=177211"}],"curies":[{"name":"wp","href":"https:\/\/api.w.org\/{rel}","templated":true}]}}