{"id":177209,"date":"2021-02-02T18:02:12","date_gmt":"2021-02-02T21:02:12","guid":{"rendered":"https:\/\/diarioregionaldigital.com.br\/?p=177209"},"modified":"2021-02-02T18:02:12","modified_gmt":"2021-02-02T21:02:12","slug":"trabalhadores-de-ubss-comecam-a-receber-vacinas-contra-a-covid-19","status":"publish","type":"post","link":"https:\/\/diarioregionaldigital.com.br\/?p=177209","title":{"rendered":"Trabalhadores de UBSs come\u00e7am a receber vacinas contra a Covid-19"},"content":{"rendered":"<p><span style=\"font-weight: 400;\">Os trabalhadores de Unidades B\u00e1sicas de Sa\u00fade (UBSs) em Juiz de Fora come\u00e7aram a receber nesta ter\u00e7a-feira (2), suas respectivas doses das vacinas contra o novo Coronav\u00edrus. At\u00e9 ent\u00e3o, seis estabelecimentos foram imunizados e a Secretaria de Sa\u00fade visa imunizar os trabalhadores da Aten\u00e7\u00e3o Prim\u00e1ria e os hospitais de porta fechada. Os outros grupos priorit\u00e1rios ser\u00e3o informados e imunizados a partir da chegada de novas vacinas no munic\u00edpio.<\/span><\/p>\n<p><span style=\"font-weight: 400;\">A primeira funcion\u00e1ria a receber a dose foi a agente comunit\u00e1ria na UBS do Bairro Santo Ant\u00f4nio (Regi\u00e3o Sudeste), C\u00ednthia Matos, de 43 anos. Ela fala sobre receber a imuniza\u00e7\u00e3o e refor\u00e7a sobre a import\u00e2ncia da vacina\u00e7\u00e3o contra a Covid-19:<\/span><\/p>\n<p><span style=\"font-weight: 400;\">&#8220;Eu estou muito feliz por fazer parte dessa hist\u00f3ria neste momento, por ser a primeira agente de sa\u00fade vacinada aqui. \u00c9 importante destacar que todos ser\u00e3o vacinados, basta esperar o seu momento, mas at\u00e9 que isso aconte\u00e7a, os cuidados continuam e \u00e9 preciso usar m\u00e1scaras e lavar as m\u00e3os. \u00c9 muito importante que nesse primeiro momento n\u00f3s, trabalhadores da sa\u00fade, sejamos vacinados porque estamos em contato direto com as fam\u00edlias, com as pessoas que testaram positivo para Covid-19\u201d.<\/span><\/p>\n<p><span style=\"font-weight: 400;\">A UBS de Santo Ant\u00f4nio atende aproximadamente 10.500 pessoas no bairro. Desde o in\u00edcio da pandemia, j\u00e1 foram atendidas e monitoradas 319 pessoas com sintomas de Covid-19 dentro do local e dos 32 trabalhadores, cinco testaram positivo, entre eles a pr\u00f3pria C\u00ednthia, que perdeu uma tia de 74 anos na \u00faltima semana:<\/span><\/p>\n<p><span style=\"font-weight: 400;\">\u201cSemana passada eu perdi uma tia muito querida, que se foi por causa da Covid. Al\u00e9m disso, eu tive a doen\u00e7a em novembro e foi um momento muito dif\u00edcil, tive muito medo, muita ansiedade, muito receio; meu marido tamb\u00e9m se contaminou\u201d, conta.<\/span><\/p>\n","protected":false},"excerpt":{"rendered":"<p>Os trabalhadores de Unidades B\u00e1sicas de Sa\u00fade (UBSs) em Juiz de Fora come\u00e7aram a receber nesta ter\u00e7a-feira (2), suas respectivas doses das vacinas contra o novo Coronav\u00edrus. At\u00e9 ent\u00e3o, seis estabelecimentos foram imunizados e a Secretaria de Sa\u00fade visa imunizar os trabalhadores da Aten\u00e7\u00e3o Prim\u00e1ria e os hospitais de porta fechada. Os outros grupos priorit\u00e1rios [&hellip;]<\/p>\n","protected":false},"author":96,"featured_media":177207,"comment_status":"closed","ping_status":"closed","sticky":false,"template":"","format":"standard","meta":{"footnotes":""},"categories":[253,436,440,439],"tags":[],"class_list":["post-177209","post","type-post","status-publish","format-standard","has-post-thumbnail","hentry","category-cidade","category-destaque-da-semana","category-destaques-do-dia","category-ultima-hora"],"_links":{"self":[{"href":"https:\/\/diarioregionaldigital.com.br\/index.php?rest_route=\/wp\/v2\/posts\/177209","targetHints":{"allow":["GET"]}}],"collection":[{"href":"https:\/\/diarioregionaldigital.com.br\/index.php?rest_route=\/wp\/v2\/posts"}],"about":[{"href":"https:\/\/diarioregionaldigital.com.br\/index.php?rest_route=\/wp\/v2\/types\/post"}],"author":[{"embeddable":true,"href":"https:\/\/diarioregionaldigital.com.br\/index.php?rest_route=\/wp\/v2\/users\/96"}],"replies":[{"embeddable":true,"href":"https:\/\/diarioregionaldigital.com.br\/index.php?rest_route=%2Fwp%2Fv2%2Fcomments&post=177209"}],"version-history":[{"count":0,"href":"https:\/\/diarioregionaldigital.com.br\/index.php?rest_route=\/wp\/v2\/posts\/177209\/revisions"}],"wp:featuredmedia":[{"embeddable":true,"href":"https:\/\/diarioregionaldigital.com.br\/index.php?rest_route=\/wp\/v2\/media\/177207"}],"wp:attachment":[{"href":"https:\/\/diarioregionaldigital.com.br\/index.php?rest_route=%2Fwp%2Fv2%2Fmedia&parent=177209"}],"wp:term":[{"taxonomy":"category","embeddable":true,"href":"https:\/\/diarioregionaldigital.com.br\/index.php?rest_route=%2Fwp%2Fv2%2Fcategories&post=177209"},{"taxonomy":"post_tag","embeddable":true,"href":"https:\/\/diarioregionaldigital.com.br\/index.php?rest_route=%2Fwp%2Fv2%2Ftags&post=177209"}],"curies":[{"name":"wp","href":"https:\/\/api.w.org\/{rel}","templated":true}]}}