{"id":177202,"date":"2021-02-02T17:30:34","date_gmt":"2021-02-02T20:30:34","guid":{"rendered":"https:\/\/diarioregionaldigital.com.br\/?p=177202"},"modified":"2021-02-02T17:30:34","modified_gmt":"2021-02-02T20:30:34","slug":"bloco-afro-muvuka-promove-concurso-para-selecionar-composicoes-de-trabalho","status":"publish","type":"post","link":"https:\/\/diarioregionaldigital.com.br\/?p=177202","title":{"rendered":"Bloco afro Muvuka promove concurso para selecionar composi\u00e7\u00f5es de trabalho"},"content":{"rendered":"<p>A Funda\u00e7\u00e3o Alfredo Ferreira Lage (Funalfa) da Prefeitura de Juiz de Fora (PJF) divulgou o edital do bloco afro Muvuka, para o festival de composi\u00e7\u00e3o musical \u201cMuvuka \u2013 O canto dessa Muvuka \u00e9 meu\u201d, com o objetivo de selecionar tr\u00eas composi\u00e7\u00f5es que se tornar\u00e3o m\u00fasicas de trabalho do grupo no projeto cultural e musical em 2021. As inscri\u00e7\u00f5es est\u00e3o abertas at\u00e9 15 deste m\u00eas e o\u00a0<a href=\"https:\/\/docs.google.com\/forms\/d\/e\/1FAIpQLSeg5opVZyuvYmPS49YWNU_GcfJxFTRxGk1wCFzeivBAVaXnMw\/viewform\">edital j\u00e1 est\u00e1 dispon\u00edvel.<\/a><\/p>\n<p>Os interessados em participar da sele\u00e7\u00e3o devem enviar composi\u00e7\u00f5es autorais com temas relevantes para a cultura afro-mineira, de prefer\u00eancia no ritmo do samba de congado, trabalhado pelo Muvuka. Como pr\u00e9-requisitos, os artistas devem ser maiores de 18 anos, atuarem em Juiz de Fora e munic\u00edpios da Zona da Mata, listados no edital, com o limite de uma composi\u00e7\u00e3o por autor, podendo ainda ser o coautor em at\u00e9 outras duas m\u00fasicas.<\/p>\n<p>Segundo Henrique Guilhem, um dos organizadores do concurso, \u201cos artistas precisam escrever um release sobre o tema, de onde veio a inspira\u00e7\u00e3o, enviar a letra e um videodemo cantando para sabermos como \u00e9 a melodia. Vamos avaliar a melodia da voz com a letra, mas isso n\u00e3o impede o uso de instrumento para acompanhar\u201d.<\/p>\n<p>A sele\u00e7\u00e3o \u00e9 dividida em tr\u00eas fases, sendo a primeira a de recebimento das m\u00fasicas. A segunda deve acontecer cerca de duas semanas depois do encerramento das inscri\u00e7\u00f5es, quando uma comiss\u00e3o selecionar\u00e1 as dez composi\u00e7\u00f5es finalistas. A \u00faltima fase deve ocorrer no final de mar\u00e7o, em uma live nas p\u00e1ginas do bloco no Facebook e Instagram do Muvuka quando ser\u00e3o apresentadas as can\u00e7\u00f5es finalistas, com as vencedoras escolhidas pelo voto popular. O primeiro lugar receber\u00e1 o pr\u00eamio de R$ 1 mil; R$ 600 para o segundo colocado; e R$ 400 para o terceiro. Os recursos da premia\u00e7\u00e3o s\u00e3o repassados ao grupo por meio da Lei de Emerg\u00eancia Cultural Aldir Blanc, aplicada no munic\u00edpio de Juiz de Fora.<\/p>\n<p><b>Grupo Muvuka<\/b><\/p>\n<p>O grupo Muvuka trabalha os toques dos tambores relacionados ao Samba-reggae, o Samba-afro e algumas can\u00e7\u00f5es que englobam o Ax\u00e9 Music. Os tambores do grupo agregam express\u00f5es de vida e tradi\u00e7\u00f5es do afro-brasileiro urbano, cultivando um senso de identidade e continuidade dos valores socioculturais africanos, ao mesmo tempo em que transmite, de gera\u00e7\u00e3o em gera\u00e7\u00e3o, sua musicalidade. O Bloco busca promover o respeito \u00e0 diversidade cultural e \u00e0 criatividade humana atrav\u00e9s do ritmo percussivo, que \u00e9 um verdadeiro s\u00edmbolo da cultura nacional e um fen\u00f4meno de resist\u00eancia cultural.<\/p>\n<p><strong>Fonte:\u00a0<\/strong>Assessoria<\/p>\n","protected":false},"excerpt":{"rendered":"<p>A Funda\u00e7\u00e3o Alfredo Ferreira Lage (Funalfa) da Prefeitura de Juiz de Fora (PJF) divulgou o edital do bloco afro Muvuka, para o festival de composi\u00e7\u00e3o musical \u201cMuvuka \u2013 O canto dessa Muvuka \u00e9 meu\u201d, com o objetivo de selecionar tr\u00eas composi\u00e7\u00f5es que se tornar\u00e3o m\u00fasicas de trabalho do grupo no projeto cultural e musical em [&hellip;]<\/p>\n","protected":false},"author":96,"featured_media":177203,"comment_status":"closed","ping_status":"closed","sticky":false,"template":"","format":"standard","meta":{"footnotes":""},"categories":[256,436,439],"tags":[],"class_list":["post-177202","post","type-post","status-publish","format-standard","has-post-thumbnail","hentry","category-cultura","category-destaque-da-semana","category-ultima-hora"],"_links":{"self":[{"href":"https:\/\/diarioregionaldigital.com.br\/index.php?rest_route=\/wp\/v2\/posts\/177202","targetHints":{"allow":["GET"]}}],"collection":[{"href":"https:\/\/diarioregionaldigital.com.br\/index.php?rest_route=\/wp\/v2\/posts"}],"about":[{"href":"https:\/\/diarioregionaldigital.com.br\/index.php?rest_route=\/wp\/v2\/types\/post"}],"author":[{"embeddable":true,"href":"https:\/\/diarioregionaldigital.com.br\/index.php?rest_route=\/wp\/v2\/users\/96"}],"replies":[{"embeddable":true,"href":"https:\/\/diarioregionaldigital.com.br\/index.php?rest_route=%2Fwp%2Fv2%2Fcomments&post=177202"}],"version-history":[{"count":0,"href":"https:\/\/diarioregionaldigital.com.br\/index.php?rest_route=\/wp\/v2\/posts\/177202\/revisions"}],"wp:featuredmedia":[{"embeddable":true,"href":"https:\/\/diarioregionaldigital.com.br\/index.php?rest_route=\/wp\/v2\/media\/177203"}],"wp:attachment":[{"href":"https:\/\/diarioregionaldigital.com.br\/index.php?rest_route=%2Fwp%2Fv2%2Fmedia&parent=177202"}],"wp:term":[{"taxonomy":"category","embeddable":true,"href":"https:\/\/diarioregionaldigital.com.br\/index.php?rest_route=%2Fwp%2Fv2%2Fcategories&post=177202"},{"taxonomy":"post_tag","embeddable":true,"href":"https:\/\/diarioregionaldigital.com.br\/index.php?rest_route=%2Fwp%2Fv2%2Ftags&post=177202"}],"curies":[{"name":"wp","href":"https:\/\/api.w.org\/{rel}","templated":true}]}}