{"id":177199,"date":"2021-02-02T17:28:05","date_gmt":"2021-02-02T20:28:05","guid":{"rendered":"https:\/\/diarioregionaldigital.com.br\/?p=177199"},"modified":"2021-02-02T17:28:05","modified_gmt":"2021-02-02T20:28:05","slug":"visitacao-ao-parque-estadual-do-ibitipoca-e-retomada-nesta-quarta-feira","status":"publish","type":"post","link":"https:\/\/diarioregionaldigital.com.br\/?p=177199","title":{"rendered":"Visita\u00e7\u00e3o ao Parque Estadual do Ibitipoca \u00e9 retomada nesta quarta-feira"},"content":{"rendered":"<p><span style=\"font-weight: 400;\">O Parque Estadual do Ibitipoca, localizado no munic\u00edpio de Lima Duarte, ser\u00e1 reaberto para visita\u00e7\u00e3o nesta quarta-feira (3), segundo uma publica\u00e7\u00e3o do Instituto Estadual de Florestas (IEF). O local estava fechado desde o dia 16 de janeiro, por conta das determina\u00e7\u00f5es e normas t\u00e9cnicas elaboradas pelo Comit\u00ea Extraordin\u00e1rio Covid-19, feito pelo Governo de Minas Gerais.<\/span><\/p>\n<p><span style=\"font-weight: 400;\">Entretanto, a partir de uma reformula\u00e7\u00e3o feita no \u2018Minas Consciente\u2019, foi autorizada a abertura de parques e unidades de conserva\u00e7\u00e3o, em todas as ondas do programa, desde que sejam respeitados protocolos espec\u00edficos.<\/span><\/p>\n<p><span style=\"font-weight: 400;\">Segundo a postagem, as visitas devem ser feitas com agendamento pr\u00e9vio, atrav\u00e9s do site Parque Estadual do Ibitipoca (parqueibitipoca.eco.br). Os turistas devem escolher o circuito a ser percorrido, como forma de controlar aglomera\u00e7\u00f5es. S\u00f3 \u00e9 permitida a entrada de cinco pessoas por agendamento e o hor\u00e1rio dever\u00e1 ser respeitado com toler\u00e2ncia de at\u00e9 no m\u00e1ximo 15 minutos. Al\u00e9m disso, o estacionamento \u00e9 limitado a 25 vagas, por ordem de chegada.<\/span><\/p>\n<p><span style=\"font-weight: 400;\">O agendamento eletr\u00f4nico ser\u00e1 obrigat\u00f3rio, mas o pagamento do ingresso de acesso ao parque seguir\u00e1 sendo feito na entrada da unidade. O valor da entrada \u00e9 de R$ 20 durante a semana (seg. a sex.) e R$ 25 aos finais de semana e feriados. J\u00e1 o valor cobrado pelo estacionamento \u00e9 de R$ 20 para motocicletas, R$ 25 para ve\u00edculos com at\u00e9 7 pessoas e R$ 65 para ve\u00edculos para mais de 7 pessoas (como vans e \u00f4nibus).<\/span><\/p>\n<p><span style=\"font-weight: 400;\">Em todos os percursos, exceto Circuito das \u00c1guas, ser\u00e3o permitidos grupos de at\u00e9 55 pessoas por hor\u00e1rio. No Circuito Janela do C\u00e9u, ser\u00e3o permitidos dois intervalos de sa\u00eddas e est\u00e3o dispon\u00edveis os hor\u00e1rios de 7h e 9h diariamente. J\u00e1 na trilha do Circuito Pico do Pi\u00e3o, a administra\u00e7\u00e3o do parque vai permitir tr\u00eas sa\u00eddas, nos hor\u00e1rios de 8h, 10h, e 12h. Na trilha do Circuito das \u00c1guas ser\u00e3o liberados quatro hor\u00e1rios de sa\u00edda: 8h30, 10h30, 12h30 e 14h, com a limita\u00e7\u00e3o de 56 pessoas por hor\u00e1rio.<\/span><\/p>\n<p><span style=\"font-weight: 400;\">Inclusive, todos os visitantes devem fazer uso obrigat\u00f3rio de m\u00e1scaras de prote\u00e7\u00e3o, item essencial para a preven\u00e7\u00e3o ao Coronav\u00edrus, durante o per\u00edodo dentro do parque.<\/span><\/p>\n","protected":false},"excerpt":{"rendered":"<p>O Parque Estadual do Ibitipoca, localizado no munic\u00edpio de Lima Duarte, ser\u00e1 reaberto para visita\u00e7\u00e3o nesta quarta-feira (3), segundo uma publica\u00e7\u00e3o do Instituto Estadual de Florestas (IEF). O local estava fechado desde o dia 16 de janeiro, por conta das determina\u00e7\u00f5es e normas t\u00e9cnicas elaboradas pelo Comit\u00ea Extraordin\u00e1rio Covid-19, feito pelo Governo de Minas Gerais. [&hellip;]<\/p>\n","protected":false},"author":96,"featured_media":177200,"comment_status":"closed","ping_status":"closed","sticky":false,"template":"","format":"standard","meta":{"footnotes":""},"categories":[436,440,252,439],"tags":[],"class_list":["post-177199","post","type-post","status-publish","format-standard","has-post-thumbnail","hentry","category-destaque-da-semana","category-destaques-do-dia","category-regiao","category-ultima-hora"],"_links":{"self":[{"href":"https:\/\/diarioregionaldigital.com.br\/index.php?rest_route=\/wp\/v2\/posts\/177199","targetHints":{"allow":["GET"]}}],"collection":[{"href":"https:\/\/diarioregionaldigital.com.br\/index.php?rest_route=\/wp\/v2\/posts"}],"about":[{"href":"https:\/\/diarioregionaldigital.com.br\/index.php?rest_route=\/wp\/v2\/types\/post"}],"author":[{"embeddable":true,"href":"https:\/\/diarioregionaldigital.com.br\/index.php?rest_route=\/wp\/v2\/users\/96"}],"replies":[{"embeddable":true,"href":"https:\/\/diarioregionaldigital.com.br\/index.php?rest_route=%2Fwp%2Fv2%2Fcomments&post=177199"}],"version-history":[{"count":0,"href":"https:\/\/diarioregionaldigital.com.br\/index.php?rest_route=\/wp\/v2\/posts\/177199\/revisions"}],"wp:featuredmedia":[{"embeddable":true,"href":"https:\/\/diarioregionaldigital.com.br\/index.php?rest_route=\/wp\/v2\/media\/177200"}],"wp:attachment":[{"href":"https:\/\/diarioregionaldigital.com.br\/index.php?rest_route=%2Fwp%2Fv2%2Fmedia&parent=177199"}],"wp:term":[{"taxonomy":"category","embeddable":true,"href":"https:\/\/diarioregionaldigital.com.br\/index.php?rest_route=%2Fwp%2Fv2%2Fcategories&post=177199"},{"taxonomy":"post_tag","embeddable":true,"href":"https:\/\/diarioregionaldigital.com.br\/index.php?rest_route=%2Fwp%2Fv2%2Ftags&post=177199"}],"curies":[{"name":"wp","href":"https:\/\/api.w.org\/{rel}","templated":true}]}}