{"id":177183,"date":"2021-02-02T14:24:28","date_gmt":"2021-02-02T17:24:28","guid":{"rendered":"https:\/\/diarioregionaldigital.com.br\/?p=177183"},"modified":"2021-02-02T14:24:28","modified_gmt":"2021-02-02T17:24:28","slug":"professor-da-medicina-e-indicado-a-comite-da-sociedade-americana-de-cirurgia-oncologica","status":"publish","type":"post","link":"https:\/\/diarioregionaldigital.com.br\/?p=177183","title":{"rendered":"Professor da Medicina \u00e9 indicado a comit\u00ea da Sociedade Americana de Cirurgia Oncol\u00f3gica"},"content":{"rendered":"<p><span style=\"font-weight: 400;\">O professor da Faculdade de Medicina da Universidade Federal de Juiz de Fora (UFJF) Alexandre Ferreira Oliveira foi indicado recentemente para concorrer a um cargo no Comit\u00ea Internacional da Sociedade Americana de Cirurgia Oncol\u00f3gica (Society of Surgery Oncologic \u2013 SSO). Em 80 anos desde sua funda\u00e7\u00e3o, ele \u00e9 o quarto brasileiro a ser indicado.\u00a0<\/span><\/p>\n<p><span style=\"font-weight: 400;\">Oliveira explica que o processo funciona atrav\u00e9s de uma vota\u00e7\u00e3o: s\u00e3o tr\u00eas candidatos de fora dos Estados Unidos e uma vaga. O resultado \u00e9 dado a partir dos votos de todos os associados da SSO pelo mundo. \u201cN\u00e3o adianta eu querer concorrer, eu preciso ser indicado por eles. Ent\u00e3o, \u00e9 um reconhecimento da cirurgia oncol\u00f3gica fora do pa\u00eds\u201d, afirma. Ele est\u00e1 disputando a vaga com um m\u00e9dico da Austr\u00e1lia e outro do Egito.<\/span><\/p>\n<p><span style=\"font-weight: 400;\">Segundo Oliveira, que \u00e9 presidente da Sociedade Brasileira de Cirurgia Oncol\u00f3gica, o\u00a0 c\u00e2ncer \u00e9 a doen\u00e7a do s\u00e9culo, sendo a principal causa de morte em doze capitais do Brasil, ultrapassando o trauma e as doen\u00e7as cardiovasculares. Caso assuma a cadeira no comit\u00ea da sociedade americana, ele pretende continuar orientando seus alunos, promovendo o interc\u00e2mbio de conhecimento, representando a UFJF e a Sociedade Brasileira de Cirurgia Oncol\u00f3gica.\u00a0<\/span><\/p>\n<p><span style=\"font-weight: 400;\">Doutor em cirurgia, Alexandre Oliveira \u00e9 chefe do servi\u00e7o de oncologia do Hospital Universit\u00e1rio. De acordo com o m\u00e9dico, um dos objetivos de seu trabalho \u00e9 tentar incorporar novas tecnologias ao Sistema \u00danico de Sa\u00fade (SUS). \u201cEsse foi um dos motivos que com certeza chamou a aten\u00e7\u00e3o dos Estados Unidos para a minha indica\u00e7\u00e3o \u2013 essa luta que eu tenho em rela\u00e7\u00e3o a levar novas tecnologias j\u00e1 acess\u00edveis aos pacientes do sistema privado para o paciente do SUS.\u201d<\/span><\/p>\n<p><span style=\"font-weight: 400;\">Alexandre finaliza afirmando que a indica\u00e7\u00e3o representa um avan\u00e7o para a internacionaliza\u00e7\u00e3o da UFJF e que \u00e9 um resultado n\u00e3o apenas de seu trabalho, mas de toda institui\u00e7\u00e3o. \u201cIsso \u00e9 fruto de uma superintend\u00eancia forte do Hospital Universit\u00e1rio, de uma reitoria forte, que sempre nos apoia em nossos projetos. \u00c9 um trabalho em conjunto. Cada um coloca o seu tijolinho e forma essa grande parede que resulta em a\u00e7\u00f5es como essa.\u201d\u00a0<\/span><\/p>\n<p><span style=\"font-weight: 400;\">A elei\u00e7\u00e3o para o cargo na Sociedade Americana de Cirurgia Oncol\u00f3gica est\u00e1 prevista para o dia 10 de fevereiro.<\/span><\/p>\n<p><strong>Fonte:<\/strong> UFJF<\/p>\n","protected":false},"excerpt":{"rendered":"<p>O professor da Faculdade de Medicina da Universidade Federal de Juiz de Fora (UFJF) Alexandre Ferreira Oliveira foi indicado recentemente para concorrer a um cargo no Comit\u00ea Internacional da Sociedade Americana de Cirurgia Oncol\u00f3gica (Society of Surgery Oncologic \u2013 SSO). Em 80 anos desde sua funda\u00e7\u00e3o, ele \u00e9 o quarto brasileiro a ser indicado.\u00a0 Oliveira [&hellip;]<\/p>\n","protected":false},"author":96,"featured_media":177184,"comment_status":"closed","ping_status":"closed","sticky":false,"template":"","format":"standard","meta":{"footnotes":""},"categories":[253,436,440,439],"tags":[],"class_list":["post-177183","post","type-post","status-publish","format-standard","has-post-thumbnail","hentry","category-cidade","category-destaque-da-semana","category-destaques-do-dia","category-ultima-hora"],"_links":{"self":[{"href":"https:\/\/diarioregionaldigital.com.br\/index.php?rest_route=\/wp\/v2\/posts\/177183","targetHints":{"allow":["GET"]}}],"collection":[{"href":"https:\/\/diarioregionaldigital.com.br\/index.php?rest_route=\/wp\/v2\/posts"}],"about":[{"href":"https:\/\/diarioregionaldigital.com.br\/index.php?rest_route=\/wp\/v2\/types\/post"}],"author":[{"embeddable":true,"href":"https:\/\/diarioregionaldigital.com.br\/index.php?rest_route=\/wp\/v2\/users\/96"}],"replies":[{"embeddable":true,"href":"https:\/\/diarioregionaldigital.com.br\/index.php?rest_route=%2Fwp%2Fv2%2Fcomments&post=177183"}],"version-history":[{"count":0,"href":"https:\/\/diarioregionaldigital.com.br\/index.php?rest_route=\/wp\/v2\/posts\/177183\/revisions"}],"wp:featuredmedia":[{"embeddable":true,"href":"https:\/\/diarioregionaldigital.com.br\/index.php?rest_route=\/wp\/v2\/media\/177184"}],"wp:attachment":[{"href":"https:\/\/diarioregionaldigital.com.br\/index.php?rest_route=%2Fwp%2Fv2%2Fmedia&parent=177183"}],"wp:term":[{"taxonomy":"category","embeddable":true,"href":"https:\/\/diarioregionaldigital.com.br\/index.php?rest_route=%2Fwp%2Fv2%2Fcategories&post=177183"},{"taxonomy":"post_tag","embeddable":true,"href":"https:\/\/diarioregionaldigital.com.br\/index.php?rest_route=%2Fwp%2Fv2%2Ftags&post=177183"}],"curies":[{"name":"wp","href":"https:\/\/api.w.org\/{rel}","templated":true}]}}