{"id":177130,"date":"2021-02-01T21:11:15","date_gmt":"2021-02-02T00:11:15","guid":{"rendered":"https:\/\/diarioregionaldigital.com.br\/?p=177130"},"modified":"2021-02-01T21:11:15","modified_gmt":"2021-02-02T00:11:15","slug":"pcmg-liberta-homem-de-carcere-privado-na-zona-rural-de-juiz-de-fora","status":"publish","type":"post","link":"https:\/\/diarioregionaldigital.com.br\/?p=177130","title":{"rendered":"PCMG liberta homem de c\u00e1rcere privado na zona rural de Juiz de Fora"},"content":{"rendered":"<p>Nessa sexta-feira (29\/01), a Pol\u00edcia Civil de Minas Gerais (PCMG) resgatou um homem, de 32 anos, que era mantido em c\u00e1rcere e sofrendo maus tratos, na zona rural de Juiz de Fora, Zona da Mata. Assim que receberam a den\u00fancia, os policiais se deslocaram para o local e encontraram a v\u00edtima acorrentada e com les\u00f5es por todo o corpo. Dois homens, de 20 e 35 anos, foram presos em flagrante no local.<\/p>\n<p>Conforme informa\u00e7\u00f5es do titular da Delegacia Especializada de Repress\u00e3o a Roubos, delegado Rog\u00e9rio Woyame, no local os policiais constataram que o homem foi acorrentado para ficar na cama em um quarto no s\u00edtio e apresentava muitas les\u00f5es pelo corpo, resultantes tanto de agress\u00e3o quanto do uso das correntes. A v\u00edtima estava sentindo muitas dores e ainda estava muito confusa, mas informou aos policiais que os dois homens que foram presos eram os respons\u00e1veis pelos maus tratos.<\/p>\n<p><strong>Abusos na corre\u00e7\u00e3o<\/strong><\/p>\n<p>De acordo com as investiga\u00e7\u00f5es, a v\u00edtima \u00e9 dependente qu\u00edmica e foi levada para o local para ficar longe das drogas. Contudo, estava tendo grande sofrimento no local, onde era preso por uma corrente ao tornozelo e, pelas les\u00f5es constatadas, havia sofrido grave viol\u00eancia.<\/p>\n<p><strong>Les\u00f5es Graves<\/strong><\/p>\n<p>A v\u00edtima foi socorrida ao hospital local pela equipe da Pol\u00edcia Civil, sendo constatado tamb\u00e9m um bra\u00e7o quebrado pela equipe m\u00e9dica.<\/p>\n<p>As investiga\u00e7\u00f5es seguem em andamento para conclus\u00e3o do inqu\u00e9rito policial.<\/p>\n<p><strong>Fonte:\u00a0<\/strong>Assessoria<\/p>\n","protected":false},"excerpt":{"rendered":"<p>Nessa sexta-feira (29\/01), a Pol\u00edcia Civil de Minas Gerais (PCMG) resgatou um homem, de 32 anos, que era mantido em c\u00e1rcere e sofrendo maus tratos, na zona rural de Juiz de Fora, Zona da Mata. Assim que receberam a den\u00fancia, os policiais se deslocaram para o local e encontraram a v\u00edtima acorrentada e com les\u00f5es [&hellip;]<\/p>\n","protected":false},"author":96,"featured_media":177131,"comment_status":"closed","ping_status":"closed","sticky":false,"template":"","format":"standard","meta":{"footnotes":""},"categories":[301,436,439],"tags":[],"class_list":["post-177130","post","type-post","status-publish","format-standard","has-post-thumbnail","hentry","category-artigos-policiais","category-destaque-da-semana","category-ultima-hora"],"_links":{"self":[{"href":"https:\/\/diarioregionaldigital.com.br\/index.php?rest_route=\/wp\/v2\/posts\/177130","targetHints":{"allow":["GET"]}}],"collection":[{"href":"https:\/\/diarioregionaldigital.com.br\/index.php?rest_route=\/wp\/v2\/posts"}],"about":[{"href":"https:\/\/diarioregionaldigital.com.br\/index.php?rest_route=\/wp\/v2\/types\/post"}],"author":[{"embeddable":true,"href":"https:\/\/diarioregionaldigital.com.br\/index.php?rest_route=\/wp\/v2\/users\/96"}],"replies":[{"embeddable":true,"href":"https:\/\/diarioregionaldigital.com.br\/index.php?rest_route=%2Fwp%2Fv2%2Fcomments&post=177130"}],"version-history":[{"count":0,"href":"https:\/\/diarioregionaldigital.com.br\/index.php?rest_route=\/wp\/v2\/posts\/177130\/revisions"}],"wp:featuredmedia":[{"embeddable":true,"href":"https:\/\/diarioregionaldigital.com.br\/index.php?rest_route=\/wp\/v2\/media\/177131"}],"wp:attachment":[{"href":"https:\/\/diarioregionaldigital.com.br\/index.php?rest_route=%2Fwp%2Fv2%2Fmedia&parent=177130"}],"wp:term":[{"taxonomy":"category","embeddable":true,"href":"https:\/\/diarioregionaldigital.com.br\/index.php?rest_route=%2Fwp%2Fv2%2Fcategories&post=177130"},{"taxonomy":"post_tag","embeddable":true,"href":"https:\/\/diarioregionaldigital.com.br\/index.php?rest_route=%2Fwp%2Fv2%2Ftags&post=177130"}],"curies":[{"name":"wp","href":"https:\/\/api.w.org\/{rel}","templated":true}]}}