{"id":177108,"date":"2021-02-01T18:20:34","date_gmt":"2021-02-01T21:20:34","guid":{"rendered":"https:\/\/diarioregionaldigital.com.br\/?p=177108"},"modified":"2021-02-01T18:20:34","modified_gmt":"2021-02-01T21:20:34","slug":"policia-civil-prende-homem-por-envolvimento-em-trafico-de-drogas","status":"publish","type":"post","link":"https:\/\/diarioregionaldigital.com.br\/?p=177108","title":{"rendered":"Pol\u00edcia Civil prende homem por envolvimento em tr\u00e1fico de drogas"},"content":{"rendered":"<p><span style=\"font-weight: 400;\">Durante uma opera\u00e7\u00e3o realizada na madrugada desta segunda-feira (1), a Pol\u00edcia Civil (PCMG), prendeu um homem de 35 anos e encontrou diversos materiais relacionados ao tr\u00e1fico de drogas em Juiz de Fora. Ao todo, os policiais apreenderam uma balan\u00e7a de precis\u00e3o e uma barra de pasta base de coca\u00edna, cuja embalagem tinha uma imagem do narcotraficante colombiano Pablo Escobar. O autor relatou que o material tinha elevado grau de pureza.<\/span><\/p>\n<p><span style=\"font-weight: 400;\">Segundo o titular da Delegacia Especializada de Combate ao Narcotr\u00e1fico, delegado Rafael Gomes, as investiga\u00e7\u00f5es se iniciaram h\u00e1 algumas semanas: \u201cE apontaram que o suspeito seria um grande vendedor de drogas na regi\u00e3o leste da cidade. Nesta madrugada, ao prosseguir com as investiga\u00e7\u00f5es, os policiais civis observaram a intensa movimenta\u00e7\u00e3o de usu\u00e1rios na casa do suspeito, resultando na realiza\u00e7\u00e3o da abordagem e na localiza\u00e7\u00e3o dos materiais apreendidos no interior da resid\u00eancia\u201d, contou.<\/span><\/p>\n<p><span style=\"font-weight: 400;\">A autoridade policial detalha que foi a terceira pris\u00e3o em flagrante feita pela Delegacia Especializada de Combate ao Narcotr\u00e1fico, nos \u00faltimos cinco dias. As investiga\u00e7\u00f5es continuam a fim de apurar a exist\u00eancia de outros poss\u00edveis suspeitos envolvidos na a\u00e7\u00e3o criminosa.<\/span><\/p>\n<p>&nbsp;<\/p>\n","protected":false},"excerpt":{"rendered":"<p>Durante uma opera\u00e7\u00e3o realizada na madrugada desta segunda-feira (1), a Pol\u00edcia Civil (PCMG), prendeu um homem de 35 anos e encontrou diversos materiais relacionados ao tr\u00e1fico de drogas em Juiz de Fora. Ao todo, os policiais apreenderam uma balan\u00e7a de precis\u00e3o e uma barra de pasta base de coca\u00edna, cuja embalagem tinha uma imagem do [&hellip;]<\/p>\n","protected":false},"author":96,"featured_media":177109,"comment_status":"closed","ping_status":"closed","sticky":false,"template":"","format":"standard","meta":{"footnotes":""},"categories":[301,436,440,439],"tags":[],"class_list":["post-177108","post","type-post","status-publish","format-standard","has-post-thumbnail","hentry","category-artigos-policiais","category-destaque-da-semana","category-destaques-do-dia","category-ultima-hora"],"_links":{"self":[{"href":"https:\/\/diarioregionaldigital.com.br\/index.php?rest_route=\/wp\/v2\/posts\/177108","targetHints":{"allow":["GET"]}}],"collection":[{"href":"https:\/\/diarioregionaldigital.com.br\/index.php?rest_route=\/wp\/v2\/posts"}],"about":[{"href":"https:\/\/diarioregionaldigital.com.br\/index.php?rest_route=\/wp\/v2\/types\/post"}],"author":[{"embeddable":true,"href":"https:\/\/diarioregionaldigital.com.br\/index.php?rest_route=\/wp\/v2\/users\/96"}],"replies":[{"embeddable":true,"href":"https:\/\/diarioregionaldigital.com.br\/index.php?rest_route=%2Fwp%2Fv2%2Fcomments&post=177108"}],"version-history":[{"count":0,"href":"https:\/\/diarioregionaldigital.com.br\/index.php?rest_route=\/wp\/v2\/posts\/177108\/revisions"}],"wp:featuredmedia":[{"embeddable":true,"href":"https:\/\/diarioregionaldigital.com.br\/index.php?rest_route=\/wp\/v2\/media\/177109"}],"wp:attachment":[{"href":"https:\/\/diarioregionaldigital.com.br\/index.php?rest_route=%2Fwp%2Fv2%2Fmedia&parent=177108"}],"wp:term":[{"taxonomy":"category","embeddable":true,"href":"https:\/\/diarioregionaldigital.com.br\/index.php?rest_route=%2Fwp%2Fv2%2Fcategories&post=177108"},{"taxonomy":"post_tag","embeddable":true,"href":"https:\/\/diarioregionaldigital.com.br\/index.php?rest_route=%2Fwp%2Fv2%2Ftags&post=177108"}],"curies":[{"name":"wp","href":"https:\/\/api.w.org\/{rel}","templated":true}]}}