{"id":177043,"date":"2021-01-29T18:12:27","date_gmt":"2021-01-29T21:12:27","guid":{"rendered":"https:\/\/diarioregionaldigital.com.br\/?p=177043"},"modified":"2021-01-29T18:12:27","modified_gmt":"2021-01-29T21:12:27","slug":"mesa-de-dialogo-e-um-marco-da-participacao-popular-em-juiz-de-fora","status":"publish","type":"post","link":"https:\/\/diarioregionaldigital.com.br\/?p=177043","title":{"rendered":"Mesa de Di\u00e1logo \u00e9 um marco da participa\u00e7\u00e3o popular em Juiz de Fora"},"content":{"rendered":"<p>Foram quatro reuni\u00f5es com representantes da comunidade dos bairros Po\u00e7o Rico, Santa Tereza e a empresa MRS Log\u00edstica, e, em menos de um m\u00eas, a Mesa de Di\u00e1logo definiu pela libera\u00e7\u00e3o do tr\u00e2nsito de ve\u00edculos na passagem de n\u00edvel sobre a linha f\u00e9rrea no cruzamento das ruas Pinto de Moura e da Bahia, no Bairro Po\u00e7o Rico, na regi\u00e3o Sudeste da cidade. \u201cA C\u00e2mara Municipal trouxe a n\u00f3s este problema, que tamb\u00e9m foi tema de uma luta feita pelos moradores. Assim, tomamos a decis\u00e3o de reabrir a Rua Pinto de Moura e garantir o direito de seus moradores e moradoras circularem. \u00c9 uma vit\u00f3ria da comunidade e do povo de Juiz de Fora\u201d, destacou a prefeita.<\/p>\n<p>De acordo com a decis\u00e3o, h\u00e1 um desequil\u00edbrio entre a proposta da obra e os impactos mal\u00e9ficos nos bairros da regi\u00e3o. \u00c9lvio Campos \u00e9 propriet\u00e1rio de uma loja na esquina do cruzamento das vias. Aflito com a baixa nas vendas, ele alertou para o impacto econ\u00f4mico das mudan\u00e7as no tr\u00e2nsito da regi\u00e3o. \u201cTem gente que seria obrigada a fechar o neg\u00f3cio, avaliando se ia demitir funcion\u00e1rio. Eu mesmo me vi tendo que procurar outra loja\u201d, disse o lojista que atua na regi\u00e3o h\u00e1 mais de 20 anos.<\/p>\n<p>O secret\u00e1rio especial de Direitos Humanos, Biel Rocha, destacou o ineditismo da a\u00e7\u00e3o e a import\u00e2ncia da participa\u00e7\u00e3o popular na gest\u00e3o da cidade. \u201cIsso que a gente est\u00e1 fazendo aqui \u00e9 para ser feito de exemplo para outras obras. Quando voc\u00ea tem uma obra p\u00fablica, o p\u00fablico afetado tem que ser ouvido, tem que ser consultado. Para a gente n\u00e3o ter equ\u00edvocos como esse, felizmente agora solucionado com a participa\u00e7\u00e3o do povo nesta mesa\u201d.<\/p>\n<p>O documento final da Mesa de Di\u00e1logo questionou a forma como a obra foi conduzida desde seu projeto. De acordo com os representantes da MRS Log\u00edstica, a empresa foi procurada pela ent\u00e3o administra\u00e7\u00e3o municipal, em 2008, para apoio no custeio e nos projetos executivos de obras de engenharia desenvolvidos e aprovados pela Secretaria de Transporte e Tr\u00e2nsito (Settra). Em seguida, a empresa e a PJF formalizaram um conv\u00eanio com o Departamento Nacional de Infraestrutura de Transportes (DNIT) para constru\u00e7\u00e3o de uma s\u00e9rie de obras visando a elimina\u00e7\u00e3o de passagens de n\u00edvel na cidade de Juiz de Fora, firmado em 2011.<\/p>\n<p>No entanto, a obra n\u00e3o possu\u00eda Estudo de Impacto de Vizinhan\u00e7a, como determinado pelo Estatuto da Cidade. Segundo \u00c9lvio, faltou di\u00e1logo com os moradores nesse processo. O pr\u00f3prio bloqueio do cruzamento pegou os moradores de surpresa. \u201cFoi na calada da noite. A gente n\u00e3o teve como reagir\u201d, remonta o comerciante.<\/p>\n<p><b>Hist\u00f3rico<\/b><\/p>\n<p>A passagem de n\u00edvel foi fechada no dia 20 de dezembro de 2020 sem aviso ou consulta \u00e0 popula\u00e7\u00e3o do bairro Po\u00e7o Bairro. Dois dias depois, a ent\u00e3o administra\u00e7\u00e3o municipal inaugurou o viaduto Renato Jos\u00e9 Abramo, a despeito da falta de acessibilidade para portadores de necessidades especiais (PNEs), do impedimento de passagem de pedestres em uma das margens da ponte e da presen\u00e7a de entulhos da obra de constru\u00e7\u00e3o que n\u00e3o haviam sido retirados do local. A comunidade j\u00e1 sofria com problemas surgidos com a obra na drenagem local. \u201cDepois da visita dos secret\u00e1rios, alagou tudo ali na regi\u00e3o da [rua] Os\u00f3rio de Almeida. Subiu \u00e1gua em casa de morador, em loja\u201d, relatou Alexandre Rodrigues, presidente da Associa\u00e7\u00e3o de Moradores.<\/p>\n<p>Al\u00e9m de trazer representantes da comunidade para fazer parte das decis\u00f5es do poder p\u00fablico, a Mesa de Di\u00e1logo tamb\u00e9m vai at\u00e9 os bairros para escutar da popula\u00e7\u00e3o local as principais demandas de infraestrutura. \u201cA gente se sente muito agradecido de ter a prefeitura em contato com a gente e vindo at\u00e9 o nosso bairro para nos dar aten\u00e7\u00e3o\u201d. Em 9 de janeiro, os secret\u00e1rios Martvs das Chagas e Fab\u00edola Ramos estiveram na regi\u00e3o e verificaram junto aos moradores diversas demandas de urbanidade, drenagem, ilumina\u00e7\u00e3o, cal\u00e7amento, transporte p\u00fablico dentre outras. Dessa visita, foi produzido um relat\u00f3rio no qual constava quais das demandas eram de encargo da prefeitura e quais seriam da pr\u00f3pria empresa MRS Log\u00edstica.<\/p>\n<p>A partir do relat\u00f3rio, um grupo de trabalho foi formado e presidido pelo presidente da Cesama, J\u00falio Teixeira, para reunir as secretarias e \u00f3rg\u00e3os envolvidos nas melhorias sob responsabilidade da prefeitura. Diversas benfeitorias de drenagem, pavimenta\u00e7\u00e3o, cal\u00e7amento, ilumina\u00e7\u00e3o e outras j\u00e1 est\u00e3o sendo implementadas.<\/p>\n<p>A expectativa para execu\u00e7\u00e3o de todas as demandas concernentes \u00e0 PJF \u00e9 at\u00e9 a primeira quinzena de fevereiro de 2021. A reestrutura\u00e7\u00e3o do trajeto da linha de \u00f4nibus Santa Tereza, que havia sido modificada, deixando de lado o Po\u00e7o Rico, foi acertada com a comunidade na Mesa de Di\u00e1logo e o servi\u00e7o est\u00e1 sendo restabelecido.<\/p>\n<p>Outro fator importante para a defini\u00e7\u00e3o da remo\u00e7\u00e3o do obst\u00e1culo foi a dificuldade de acesso de ambul\u00e2ncias devido \u00e0 instala\u00e7\u00e3o de divisas nas ruas. Em fun\u00e7\u00e3o da proximidade com o hospital Albert Sabin, o fluxo de ve\u00edculos de sa\u00fade \u00e9 grande e qualquer aumento no tempo de deslocamento pode ser fatal aos pacientes. A PJF tamb\u00e9m j\u00e1 est\u00e1 realizando modifica\u00e7\u00f5es de modo a garantir o tr\u00e2nsito seguro de ve\u00edculos e profissionais de sa\u00fade no local.<\/p>\n<p><b>Quem participou da Mesa de Negocia\u00e7\u00e3o<\/b><\/p>\n<p>Foram quatro reuni\u00f5es realizadas no gabinete da prefeita e presididas pela secret\u00e1ria de governo, Cidinha Louzada. Participaram tamb\u00e9m os secret\u00e1rios Biel Rocha (Direitos Humanos), Martvs das Chagas (Secretaria de Planejamento e Gest\u00e3o), Fernando Tadeu David (Seguran\u00e7a P\u00fablica e Cidadania), J\u00falio Teixeira (Cesama) e Fab\u00edola Ramos. O legislativo municipal tamb\u00e9m fez parte dessa interface com a popula\u00e7\u00e3o. A vereadora Laiz Perrut e os vereadores Jo\u00e3o Wagner Antoniol, Jos\u00e9 M\u00e1rcio Guedes e Maur\u00edcio Delgado estiveram presentes em reuni\u00f5es e tamb\u00e9m atuaram na fiscaliza\u00e7\u00e3o das responsabilidades em torno do conflito a ser resolvido.<\/p>\n<p><strong>Fonte:\u00a0<\/strong>Assessoria<\/p>\n","protected":false},"excerpt":{"rendered":"<p>Foram quatro reuni\u00f5es com representantes da comunidade dos bairros Po\u00e7o Rico, Santa Tereza e a empresa MRS Log\u00edstica, e, em menos de um m\u00eas, a Mesa de Di\u00e1logo definiu pela libera\u00e7\u00e3o do tr\u00e2nsito de ve\u00edculos na passagem de n\u00edvel sobre a linha f\u00e9rrea no cruzamento das ruas Pinto de Moura e da Bahia, no Bairro [&hellip;]<\/p>\n","protected":false},"author":96,"featured_media":177044,"comment_status":"closed","ping_status":"closed","sticky":false,"template":"","format":"standard","meta":{"footnotes":""},"categories":[253,436,439],"tags":[],"class_list":["post-177043","post","type-post","status-publish","format-standard","has-post-thumbnail","hentry","category-cidade","category-destaque-da-semana","category-ultima-hora"],"_links":{"self":[{"href":"https:\/\/diarioregionaldigital.com.br\/index.php?rest_route=\/wp\/v2\/posts\/177043","targetHints":{"allow":["GET"]}}],"collection":[{"href":"https:\/\/diarioregionaldigital.com.br\/index.php?rest_route=\/wp\/v2\/posts"}],"about":[{"href":"https:\/\/diarioregionaldigital.com.br\/index.php?rest_route=\/wp\/v2\/types\/post"}],"author":[{"embeddable":true,"href":"https:\/\/diarioregionaldigital.com.br\/index.php?rest_route=\/wp\/v2\/users\/96"}],"replies":[{"embeddable":true,"href":"https:\/\/diarioregionaldigital.com.br\/index.php?rest_route=%2Fwp%2Fv2%2Fcomments&post=177043"}],"version-history":[{"count":0,"href":"https:\/\/diarioregionaldigital.com.br\/index.php?rest_route=\/wp\/v2\/posts\/177043\/revisions"}],"wp:featuredmedia":[{"embeddable":true,"href":"https:\/\/diarioregionaldigital.com.br\/index.php?rest_route=\/wp\/v2\/media\/177044"}],"wp:attachment":[{"href":"https:\/\/diarioregionaldigital.com.br\/index.php?rest_route=%2Fwp%2Fv2%2Fmedia&parent=177043"}],"wp:term":[{"taxonomy":"category","embeddable":true,"href":"https:\/\/diarioregionaldigital.com.br\/index.php?rest_route=%2Fwp%2Fv2%2Fcategories&post=177043"},{"taxonomy":"post_tag","embeddable":true,"href":"https:\/\/diarioregionaldigital.com.br\/index.php?rest_route=%2Fwp%2Fv2%2Ftags&post=177043"}],"curies":[{"name":"wp","href":"https:\/\/api.w.org\/{rel}","templated":true}]}}