{"id":176949,"date":"2021-01-28T17:23:50","date_gmt":"2021-01-28T20:23:50","guid":{"rendered":"https:\/\/diarioregionaldigital.com.br\/?p=176949"},"modified":"2021-01-28T17:23:50","modified_gmt":"2021-01-28T20:23:50","slug":"pesquisadores-da-ufjf-defendem-adocao-de-medidas-mais-rigorosas-no-combate-ao-coronavirus","status":"publish","type":"post","link":"https:\/\/diarioregionaldigital.com.br\/?p=176949","title":{"rendered":"Pesquisadores da UFJF defendem ado\u00e7\u00e3o de medidas mais rigorosas no combate ao Coronav\u00edrus"},"content":{"rendered":"<p><span style=\"font-weight: 400;\">Um documento publicado pelo Grupo de Modelagem Epidemiol\u00f3gica para a COVID-19, formado por pesquisadores da Universidade Federal de Juiz de Fora (UFJF), aponta que os pr\u00f3prios autores da pesquisa, defendem a ado\u00e7\u00e3o de medidas mais rigorosas, para combater a pandemia da Covid-19 no munic\u00edpio.<\/span><\/p>\n<p><span style=\"font-weight: 400;\">Conforme os dados elaborados pelos pesquisadores, bem como de an\u00e1lises cient\u00edficas, o cen\u00e1rio na cidade est\u00e1 fora de controle, destacando perigo para a circula\u00e7\u00e3o de uma nova variante do Coronav\u00edrus. As estat\u00edsticas apontam que a incid\u00eancia semanal acima de 175 novos casos para cada 100 mil habitantes; a frequ\u00eancia elevada de registro de \u00f3bitos; e a taxa de 82% de ocupa\u00e7\u00e3o de leitos de UTI.\u00a0<\/span><\/p>\n<p><span style=\"font-weight: 400;\">\u201cNeste cen\u00e1rio atual, n\u00e3o s\u00e3o aconselh\u00e1veis quaisquer medidas de flexibiliza\u00e7\u00e3o que possam favorecer a redu\u00e7\u00e3o do distanciamento social. Estamos estudando os poss\u00edveis impactos da sa\u00edda do munic\u00edpio do Programa Minas Consciente na evolu\u00e7\u00e3o epidemiol\u00f3gica da pandemia, assim como as novas propostas de indicadores e ondas do decreto municipal publicado e ainda em desenvolvimento\u201d, acordam os pesquisadores. \u201cRessaltamos a import\u00e2ncia de que todas as medidas de enfrentamento da pandemia por parte das autoridades sejam definidas a partir de evid\u00eancias obtidas atrav\u00e9s de estudos cient\u00edficos e a partir da an\u00e1lise estat\u00edstica dos dados.\u201d<\/span><\/p>\n<p><span style=\"font-weight: 400;\">Na vis\u00e3o dos autores da pesquisa, n\u00e3o existem at\u00e9 ent\u00e3o, op\u00e7\u00f5es terap\u00eauticas que sejam eficazes perante o tratamento da doen\u00e7a. Citam tamb\u00e9m as limita\u00e7\u00f5es referentes \u00e0 quantidade de doses da vacina, dispon\u00edvel para a popula\u00e7\u00e3o:<\/span><\/p>\n<p><span style=\"font-weight: 400;\">\u201cRecomendamos a amplia\u00e7\u00e3o do rastreamento e monitoramento de contactantes e massifica\u00e7\u00e3o dos testes de confirma\u00e7\u00e3o da infec\u00e7\u00e3o, com efetivo isolamento das pessoas infectadas e a quarentena dos contatos, o que n\u00e3o tem sido feito. Tamb\u00e9m defendemos uma consistente execu\u00e7\u00e3o do plano de imuniza\u00e7\u00e3o anunciado, a partir das vacinas e dos insumos disponibilizados ao munic\u00edpio pelo Plano de Imuniza\u00e7\u00e3o Nacional.\u201d<\/span><\/p>\n<p><span style=\"font-weight: 400;\">Os pesquisadores recomendam que seja feita a divulga\u00e7\u00e3o de informa\u00e7\u00f5es sobre a pandemia, cujo trabalho deve ser feito tanto pelas autoridades de sa\u00fade quanto pelos meios de comunica\u00e7\u00e3o. Tais informa\u00e7\u00f5es devem conter n\u00e3o apenas a ocupa\u00e7\u00e3o de leitos e enfermarias, como tamb\u00e9m quais s\u00e3o as poss\u00edveis sequelas dos quadros moderados e graves da doen\u00e7a, bem como o atual n\u00famero elevado de casos e de vidas perdidas.\u00a0<\/span><\/p>\n","protected":false},"excerpt":{"rendered":"<p>Um documento publicado pelo Grupo de Modelagem Epidemiol\u00f3gica para a COVID-19, formado por pesquisadores da Universidade Federal de Juiz de Fora (UFJF), aponta que os pr\u00f3prios autores da pesquisa, defendem a ado\u00e7\u00e3o de medidas mais rigorosas, para combater a pandemia da Covid-19 no munic\u00edpio. Conforme os dados elaborados pelos pesquisadores, bem como de an\u00e1lises cient\u00edficas, [&hellip;]<\/p>\n","protected":false},"author":96,"featured_media":176950,"comment_status":"closed","ping_status":"closed","sticky":false,"template":"","format":"standard","meta":{"footnotes":""},"categories":[253,436,440,439],"tags":[],"class_list":["post-176949","post","type-post","status-publish","format-standard","has-post-thumbnail","hentry","category-cidade","category-destaque-da-semana","category-destaques-do-dia","category-ultima-hora"],"_links":{"self":[{"href":"https:\/\/diarioregionaldigital.com.br\/index.php?rest_route=\/wp\/v2\/posts\/176949","targetHints":{"allow":["GET"]}}],"collection":[{"href":"https:\/\/diarioregionaldigital.com.br\/index.php?rest_route=\/wp\/v2\/posts"}],"about":[{"href":"https:\/\/diarioregionaldigital.com.br\/index.php?rest_route=\/wp\/v2\/types\/post"}],"author":[{"embeddable":true,"href":"https:\/\/diarioregionaldigital.com.br\/index.php?rest_route=\/wp\/v2\/users\/96"}],"replies":[{"embeddable":true,"href":"https:\/\/diarioregionaldigital.com.br\/index.php?rest_route=%2Fwp%2Fv2%2Fcomments&post=176949"}],"version-history":[{"count":0,"href":"https:\/\/diarioregionaldigital.com.br\/index.php?rest_route=\/wp\/v2\/posts\/176949\/revisions"}],"wp:featuredmedia":[{"embeddable":true,"href":"https:\/\/diarioregionaldigital.com.br\/index.php?rest_route=\/wp\/v2\/media\/176950"}],"wp:attachment":[{"href":"https:\/\/diarioregionaldigital.com.br\/index.php?rest_route=%2Fwp%2Fv2%2Fmedia&parent=176949"}],"wp:term":[{"taxonomy":"category","embeddable":true,"href":"https:\/\/diarioregionaldigital.com.br\/index.php?rest_route=%2Fwp%2Fv2%2Fcategories&post=176949"},{"taxonomy":"post_tag","embeddable":true,"href":"https:\/\/diarioregionaldigital.com.br\/index.php?rest_route=%2Fwp%2Fv2%2Ftags&post=176949"}],"curies":[{"name":"wp","href":"https:\/\/api.w.org\/{rel}","templated":true}]}}