{"id":176946,"date":"2021-01-28T16:15:58","date_gmt":"2021-01-28T19:15:58","guid":{"rendered":"https:\/\/diarioregionaldigital.com.br\/?p=176946"},"modified":"2021-01-28T16:15:58","modified_gmt":"2021-01-28T19:15:58","slug":"pia-sundhage-divulga-lista-com-as-jogadoras-convocadas-para-disputar-o-torneio-she-believes-nos-estados-unidos","status":"publish","type":"post","link":"https:\/\/diarioregionaldigital.com.br\/?p=176946","title":{"rendered":"Pia Sundhage divulga lista com as jogadoras convocadas para disputar o Torneio She Believes nos Estados Unidos"},"content":{"rendered":"<p><span style=\"font-weight: 400;\">A t\u00e9cnica da Sele\u00e7\u00e3o Brasileira Feminina, Pia Sundhage, divulgou na tarde desta quinta-feira (28) na sede da Confedera\u00e7\u00e3o Brasileira de Futebol (CBF), a lista com as 25 jogadoras que v\u00e3o participar do Torneio She Believes, que ser\u00e1 realizado em Orlando nos Estados Unidos.\u00a0<\/span><\/p>\n<p><span style=\"font-weight: 400;\">A nova listagem da treinadora conta uma novidade: a meia Ivana Fuso, do Manchester United. A jogadora de 19 anos tem dupla nacionalidade, brasileira-alem\u00e3 e tem passagem pelas categorias de base do futebol alem\u00e3o. \u00c9 a primeira vez que recebe convite para vestir a amarelinha.<\/span><\/p>\n<p><b>Lista de convocadas<\/b><\/p>\n<p><b>Goleiras:<\/b><\/p>\n<p><span style=\"font-weight: 400;\">B\u00e1rbara &#8211; Ava\u00ed\/Kindermann<\/span><\/p>\n<p><span style=\"font-weight: 400;\">Aline Reis &#8211; UD Granadilla Tenerife (Espanha)<\/span><\/p>\n<p><span style=\"font-weight: 400;\">Let\u00edcia &#8211; Benfica (Portugal)<\/span><\/p>\n<p>&nbsp;<\/p>\n<p><b>Defensoras:<\/b><\/p>\n<p><span style=\"font-weight: 400;\">Fabiana &#8211; Internacional<\/span><\/p>\n<p><span style=\"font-weight: 400;\">Tamires &#8211; Corinthians<\/span><\/p>\n<p><span style=\"font-weight: 400;\">Camilinha &#8211; Palmeiras\u00a0<\/span><\/p>\n<p><span style=\"font-weight: 400;\">Tainara &#8211; Palmeiras\u00a0<\/span><\/p>\n<p><span style=\"font-weight: 400;\">Rafaelle &#8211; Changchun Dazhong (China)<\/span><\/p>\n<p><span style=\"font-weight: 400;\">Bruna Benites &#8211; Internacional<\/span><\/p>\n<p><span style=\"font-weight: 400;\">Jucinara &#8211; Levante UD (Espanha)<\/span><\/p>\n<p><span style=\"font-weight: 400;\">Antonia &#8211; Madrid CFF<\/span><\/p>\n<p>&nbsp;<\/p>\n<p><b>Meio-campistas:<\/b><\/p>\n<p><span style=\"font-weight: 400;\">Formiga &#8211; Paris St Germain (Fran\u00e7a)<\/span><\/p>\n<p><span style=\"font-weight: 400;\">Luana &#8211; Paris St Germain (Fran\u00e7a)<\/span><\/p>\n<p><span style=\"font-weight: 400;\">Andressinha &#8211; Corinthians<\/span><\/p>\n<p><span style=\"font-weight: 400;\">Julia Bianchi &#8211; Palmeiras<\/span><\/p>\n<p><span style=\"font-weight: 400;\">Andressa Alves &#8211; Roma (It\u00e1lia)<\/span><\/p>\n<p><span style=\"font-weight: 400;\">Marta &#8211; Orlando Pride (Estados Unidos)\u00a0<\/span><\/p>\n<p><span style=\"font-weight: 400;\">Adriana &#8211; Corinthians\u00a0<\/span><\/p>\n<p><span style=\"font-weight: 400;\">Ch\u00fa &#8211; Palmeiras<\/span><\/p>\n<p><span style=\"font-weight: 400;\">Ivana Fuso &#8211; Manchester United (Inglaterra)<\/span><\/p>\n<p>&nbsp;<\/p>\n<p><b>Atacantes:<\/b><\/p>\n<p><span style=\"font-weight: 400;\">Ludmila &#8211; Atl\u00e9tico de Madrid (Espanha)<\/span><\/p>\n<p><span style=\"font-weight: 400;\">Debinha &#8211; North Carolina Courage (Estados Unidos)<\/span><\/p>\n<p><span style=\"font-weight: 400;\">Bia Zaneratto &#8211; Wuhan Xinjiyuan (China)<\/span><\/p>\n<p><span style=\"font-weight: 400;\">Cristiane &#8211; Santos<\/span><\/p>\n<p><span style=\"font-weight: 400;\">Giovana &#8211; Barcelona (Espanha)<\/span><\/p>\n<p><b>Participa\u00e7\u00e3o no torneio<\/b><\/p>\n<p><span style=\"font-weight: 400;\">O Brasil estreia no Torneio She Believes, contra o Jap\u00e3o no dia 18 de fevereiro, \u00e0s 18h (hor\u00e1rio de Bras\u00edlia). O segundo confronto ser\u00e1 diante dos EUA no dia 21 do mesmo m\u00eas, \u00e0s 17h00. A Sele\u00e7\u00e3o Feminina encerra a participa\u00e7\u00e3o no torneio contra o Canad\u00e1, no dia 24 de fevereiro, com partida marcada para \u00e0s 18h.<\/span><\/p>\n<p><span style=\"font-weight: 400;\">Os jogos ser\u00e3o disputados em per\u00edodo de Data FIFA e as quatro equipes, que est\u00e3o entre as dez melhores do Ranking da FIFA, disputar\u00e3o a Olimp\u00edada de T\u00f3quio, em julho deste ano.<\/span><\/p>\n<p>&nbsp;<\/p>\n","protected":false},"excerpt":{"rendered":"<p>A t\u00e9cnica da Sele\u00e7\u00e3o Brasileira Feminina, Pia Sundhage, divulgou na tarde desta quinta-feira (28) na sede da Confedera\u00e7\u00e3o Brasileira de Futebol (CBF), a lista com as 25 jogadoras que v\u00e3o participar do Torneio She Believes, que ser\u00e1 realizado em Orlando nos Estados Unidos.\u00a0 A nova listagem da treinadora conta uma novidade: a meia Ivana Fuso, [&hellip;]<\/p>\n","protected":false},"author":96,"featured_media":176947,"comment_status":"closed","ping_status":"closed","sticky":false,"template":"","format":"standard","meta":{"footnotes":""},"categories":[436,257,439],"tags":[],"class_list":["post-176946","post","type-post","status-publish","format-standard","has-post-thumbnail","hentry","category-destaque-da-semana","category-esporte","category-ultima-hora"],"_links":{"self":[{"href":"https:\/\/diarioregionaldigital.com.br\/index.php?rest_route=\/wp\/v2\/posts\/176946","targetHints":{"allow":["GET"]}}],"collection":[{"href":"https:\/\/diarioregionaldigital.com.br\/index.php?rest_route=\/wp\/v2\/posts"}],"about":[{"href":"https:\/\/diarioregionaldigital.com.br\/index.php?rest_route=\/wp\/v2\/types\/post"}],"author":[{"embeddable":true,"href":"https:\/\/diarioregionaldigital.com.br\/index.php?rest_route=\/wp\/v2\/users\/96"}],"replies":[{"embeddable":true,"href":"https:\/\/diarioregionaldigital.com.br\/index.php?rest_route=%2Fwp%2Fv2%2Fcomments&post=176946"}],"version-history":[{"count":0,"href":"https:\/\/diarioregionaldigital.com.br\/index.php?rest_route=\/wp\/v2\/posts\/176946\/revisions"}],"wp:featuredmedia":[{"embeddable":true,"href":"https:\/\/diarioregionaldigital.com.br\/index.php?rest_route=\/wp\/v2\/media\/176947"}],"wp:attachment":[{"href":"https:\/\/diarioregionaldigital.com.br\/index.php?rest_route=%2Fwp%2Fv2%2Fmedia&parent=176946"}],"wp:term":[{"taxonomy":"category","embeddable":true,"href":"https:\/\/diarioregionaldigital.com.br\/index.php?rest_route=%2Fwp%2Fv2%2Fcategories&post=176946"},{"taxonomy":"post_tag","embeddable":true,"href":"https:\/\/diarioregionaldigital.com.br\/index.php?rest_route=%2Fwp%2Fv2%2Ftags&post=176946"}],"curies":[{"name":"wp","href":"https:\/\/api.w.org\/{rel}","templated":true}]}}