{"id":176943,"date":"2021-01-28T16:02:59","date_gmt":"2021-01-28T19:02:59","guid":{"rendered":"https:\/\/diarioregionaldigital.com.br\/?p=176943"},"modified":"2021-01-28T16:02:59","modified_gmt":"2021-01-28T19:02:59","slug":"selecao-brasileira-de-natacao-convocada-para-o-sul-americano-tera-jovens-talentos","status":"publish","type":"post","link":"https:\/\/diarioregionaldigital.com.br\/?p=176943","title":{"rendered":"Sele\u00e7\u00e3o brasileira de nata\u00e7\u00e3o convocada para o sul-americano ter\u00e1 jovens talentos"},"content":{"rendered":"<p>A diretoria de Nata\u00e7\u00e3o da Confedera\u00e7\u00e3o Brasileira de Desportos Aqu\u00e1ticos (CBDA) divulgou, na quarta-feira (27), os nomes dos atletas convocados para a sele\u00e7\u00e3o brasileira que disputar\u00e1 o Campeonato Sul-Americano de Esportes Aqu\u00e1ticos, marcado para mar\u00e7o, em Buenos Aires.<\/p>\n<p>Conforme os crit\u00e9rios de convoca\u00e7\u00e3o, acordados com o Conselho T\u00e9cnico Nacional de Nata\u00e7\u00e3o de Alto Rendimento, foram convocados 28 atletas (14 mulheres e 14 homens) com idade inferior a 21 anos.<\/p>\n<p>\u201cA CBDA ficou bastante satisfeito pela decis\u00e3o em conjunto com o Conselho T\u00e9cnico Nacional de Nata\u00e7\u00e3o de Alto Rendimento em optar por selecionar atletas que s\u00e3o jovens promessas da Nata\u00e7\u00e3o brasileira que, provavelmente, estar\u00e3o na disputa por vagas nos Jogos Ol\u00edmpicos de 2024\u201d, disse o diretor de Nata\u00e7\u00e3o da CBDA, Eduardo Fischer.<\/p>\n<p>O objetivo da sele\u00e7\u00e3o brasileira de Nata\u00e7\u00e3o \u00e9 manter a hegemonia em Campeonatos Sul-Americanos. Em 2018, no Peru, o Brasil sagrou-se campe\u00e3o geral na Nata\u00e7\u00e3o com 52 medalhas e com o melhor nadador da competi\u00e7\u00e3o.<\/p>\n<p>Agora, a miss\u00e3o \u00e9 da nova gera\u00e7\u00e3o, composta por nomes como Murilo Sartori, Fernanda Goeij, Rafaela Raurich, Lucas Peixoto e Maria Luiza Pessanha, que brilharam tr\u00eas anos atr\u00e1s nesta mesma piscina, durante os Jogos Ol\u00edmpicos da Juventude 2018.<\/p>\n<p>\u201cTemos neste ano uma sele\u00e7\u00e3o bastante heterog\u00eanea e que vai nadar todas as provas, chegando forte tamb\u00e9m nos revezamentos. A nossa expectativa \u00e9 a melhor poss\u00edvel e temos a certeza que esses jovens v\u00e3o fazer bonito em Buenos Aires\u201d, completou Fischer.<\/p>\n<p><strong>Veja os convocados<\/strong><\/p>\n<p><strong>Feminino<\/strong><\/p>\n<p>1 ALEXIA TAVARES ASSUNCAO<\/p>\n<p>2 BEATRIZ PIMENTEL DIZOTTI<\/p>\n<p>3 BRUNA MONTEIRO LEME<\/p>\n<p>4 FERNANDA ANDRADE<\/p>\n<p>5 FERNANDA DE GOEIJ<\/p>\n<p>6 FERNANDA GOMES CELID\u00d4NIO<\/p>\n<p>7 GABRIELLE ASSIS DA SILVA<\/p>\n<p>8 GIULIA SALESI CHICON<\/p>\n<p>9 JULIA KARLA GOES<\/p>\n<p>10 LUANNA NUNES MARTINS DE OLIVEIRA<\/p>\n<p>11 MARIA LUIZA PESSANHA<\/p>\n<p>12 MARIANA SANTOS FIGUEIREDO<\/p>\n<p>13 RAFAELA TREVISAN RAURICH<\/p>\n<p>14 SOFIA GARUFFI RONDEL<\/p>\n<p>&nbsp;<\/p>\n<p><strong>Masculino<\/strong><\/p>\n<p>1 DAVI MARTINS MOURAO<\/p>\n<p>2 EDUARDO OLIVEIRA MORAES<\/p>\n<p>3 GABRIEL PERSEGUIN DIAS<\/p>\n<p>4 GUILHERME CARIBE SANTOS<\/p>\n<p>5 GUSTAVO FRANCISCO SALDO<\/p>\n<p>6 LUCAS PEIXOTO<\/p>\n<p>7 MURILO SETIN SARTORI<\/p>\n<p>8 PABLO HENRIQUE VIEIRA<\/p>\n<p>9 PEDRO GUASTELLI FARIAS<\/p>\n<p>10 PEDRO HENRIQUE MOTTA<\/p>\n<p>11 PEDRO MUSCHIONI CRISTO<\/p>\n<p>12 VICTOR GUIMAR\u00c3ES ALCAR\u00c1<\/p>\n<p>13 VICTOR MELO BAGANHA<\/p>\n<p>14 VINICIUS T ASSUNCAO<\/p>\n<p>&nbsp;<\/p>\n<p><strong>Comiss\u00e3o t\u00e9cnica<\/strong><\/p>\n<p>Rafael Spinola \u2013 CEPE\/BA<\/p>\n<p>Andr\u00e9 Cordeiro \u2013 Minas T\u00eanis Clube<\/p>\n<p>Diego Pena \u2013 Clube Curitibano\/PR<\/p>\n<p>Fabio Cremonez \u2013 Nata\u00e7\u00e3o Americana\/SP<\/p>\n<p><strong>Fonte:\u00a0<\/strong>COB<\/p>\n","protected":false},"excerpt":{"rendered":"<p>A diretoria de Nata\u00e7\u00e3o da Confedera\u00e7\u00e3o Brasileira de Desportos Aqu\u00e1ticos (CBDA) divulgou, na quarta-feira (27), os nomes dos atletas convocados para a sele\u00e7\u00e3o brasileira que disputar\u00e1 o Campeonato Sul-Americano de Esportes Aqu\u00e1ticos, marcado para mar\u00e7o, em Buenos Aires. Conforme os crit\u00e9rios de convoca\u00e7\u00e3o, acordados com o Conselho T\u00e9cnico Nacional de Nata\u00e7\u00e3o de Alto Rendimento, foram [&hellip;]<\/p>\n","protected":false},"author":96,"featured_media":176944,"comment_status":"closed","ping_status":"closed","sticky":false,"template":"","format":"standard","meta":{"footnotes":""},"categories":[436,257,439],"tags":[],"class_list":["post-176943","post","type-post","status-publish","format-standard","has-post-thumbnail","hentry","category-destaque-da-semana","category-esporte","category-ultima-hora"],"_links":{"self":[{"href":"https:\/\/diarioregionaldigital.com.br\/index.php?rest_route=\/wp\/v2\/posts\/176943","targetHints":{"allow":["GET"]}}],"collection":[{"href":"https:\/\/diarioregionaldigital.com.br\/index.php?rest_route=\/wp\/v2\/posts"}],"about":[{"href":"https:\/\/diarioregionaldigital.com.br\/index.php?rest_route=\/wp\/v2\/types\/post"}],"author":[{"embeddable":true,"href":"https:\/\/diarioregionaldigital.com.br\/index.php?rest_route=\/wp\/v2\/users\/96"}],"replies":[{"embeddable":true,"href":"https:\/\/diarioregionaldigital.com.br\/index.php?rest_route=%2Fwp%2Fv2%2Fcomments&post=176943"}],"version-history":[{"count":0,"href":"https:\/\/diarioregionaldigital.com.br\/index.php?rest_route=\/wp\/v2\/posts\/176943\/revisions"}],"wp:featuredmedia":[{"embeddable":true,"href":"https:\/\/diarioregionaldigital.com.br\/index.php?rest_route=\/wp\/v2\/media\/176944"}],"wp:attachment":[{"href":"https:\/\/diarioregionaldigital.com.br\/index.php?rest_route=%2Fwp%2Fv2%2Fmedia&parent=176943"}],"wp:term":[{"taxonomy":"category","embeddable":true,"href":"https:\/\/diarioregionaldigital.com.br\/index.php?rest_route=%2Fwp%2Fv2%2Fcategories&post=176943"},{"taxonomy":"post_tag","embeddable":true,"href":"https:\/\/diarioregionaldigital.com.br\/index.php?rest_route=%2Fwp%2Fv2%2Ftags&post=176943"}],"curies":[{"name":"wp","href":"https:\/\/api.w.org\/{rel}","templated":true}]}}