{"id":176736,"date":"2021-01-26T06:00:34","date_gmt":"2021-01-26T09:00:34","guid":{"rendered":"https:\/\/diarioregionaldigital.com.br\/?p=176736"},"modified":"2021-01-26T00:39:59","modified_gmt":"2021-01-26T03:39:59","slug":"imagens","status":"publish","type":"post","link":"https:\/\/diarioregionaldigital.com.br\/?p=176736","title":{"rendered":"Imagens"},"content":{"rendered":"<p style=\"text-align: center;\"><strong>Decora\u00e7\u00e3o<\/strong><\/p>\n<p style=\"text-align: center;\">Com luxo simples a cadeira Zig Zag \u00e9 a novidade do criador Fernando Jaeger. Feita em a\u00e7o carbono e acabamento resistente \u00e0 \u00e1gua, ela vem com op\u00e7\u00f5es de cores tanta na estrutura quanto nas almofadas. Vendas: (21) 98558-1473, pre\u00e7o R$ 1.220.<\/p>\n<p style=\"text-align: center;\"><strong>Ser Org\u00e2nico<\/strong><\/p>\n<p style=\"text-align: center;\">No meio da pandemia surgiu a Naveia e a Nude, lan\u00e7ada por uma turma cool que aposta, no cereal como mat\u00e9ria prima do leite da vez, com foco em sustentabilidade. A bebida em caixinha lan\u00e7ada pelo casal Alex Soderberg e Felipe Melo focada no sabor, tem pre\u00e7o acess\u00edvel.<\/p>\n<p style=\"text-align: center;\"><strong>Novidade<\/strong><\/p>\n<p style=\"text-align: center;\">A bel\u00edssima fus\u00e3o que est\u00e3o negociada entre dois gigantes do mercado brasileiro de sa\u00fade, a Hapvida e a Notre Dame Interm\u00e9dica, deve ser selada na primeira semana de fevereiro.<\/p>\n<p style=\"text-align: center;\"><span style=\"font-size: 14pt;\"><strong>Imagens <\/strong><\/span><\/p>\n<p style=\"text-align: center;\">Digno de elogios, o fotojornalista \u00c2ngelo Savastano brilha com a exposi\u00e7\u00e3o \u201cDomus It\u00e1lica atrav\u00e9s dos tempos\u201d no site da Casa D\u2019Italia. Em cena, bel\u00edssima imagens com detalhes hist\u00f3ricos do pr\u00e9dio e destaca a cultura trazida pelos imigrantes italianos. (www.casa ditaliajf.com.br)<\/p>\n<div id=\"attachment_176705\" style=\"width: 690px\" class=\"wp-caption aligncenter\"><img loading=\"lazy\" decoding=\"async\" aria-describedby=\"caption-attachment-176705\" class=\"wp-image-176705\" src=\"https:\/\/diarioregionaldigital.com.br\/wp-content\/uploads\/2021\/01\/fotoa-11-e1611631561207.jpg\" alt=\"\" width=\"680\" height=\"473\" srcset=\"https:\/\/diarioregionaldigital.com.br\/wp-content\/uploads\/2021\/01\/fotoa-11-e1611631561207.jpg 1274w, https:\/\/diarioregionaldigital.com.br\/wp-content\/uploads\/2021\/01\/fotoa-11-e1611631561207-300x210.jpg 300w, https:\/\/diarioregionaldigital.com.br\/wp-content\/uploads\/2021\/01\/fotoa-11-e1611631561207-1024x712.jpg 1024w, https:\/\/diarioregionaldigital.com.br\/wp-content\/uploads\/2021\/01\/fotoa-11-e1611631561207-768x534.jpg 768w, https:\/\/diarioregionaldigital.com.br\/wp-content\/uploads\/2021\/01\/fotoa-11-e1611631561207-360x250.jpg 360w, https:\/\/diarioregionaldigital.com.br\/wp-content\/uploads\/2021\/01\/fotoa-11-e1611631561207-100x70.jpg 100w\" sizes=\"auto, (max-width: 680px) 100vw, 680px\" \/><p id=\"caption-attachment-176705\" class=\"wp-caption-text\">Aniversariante de destaque da semana no auge de seus 30 anos, a bonita jornalista Talita Magnolo<\/p><\/div>\n<div id=\"attachment_176707\" style=\"width: 690px\" class=\"wp-caption aligncenter\"><img loading=\"lazy\" decoding=\"async\" aria-describedby=\"caption-attachment-176707\" class=\"wp-image-176707\" src=\"https:\/\/diarioregionaldigital.com.br\/wp-content\/uploads\/2021\/01\/fotob-9-e1611631636490.jpg\" alt=\"\" width=\"680\" height=\"466\" srcset=\"https:\/\/diarioregionaldigital.com.br\/wp-content\/uploads\/2021\/01\/fotob-9-e1611631636490.jpg 907w, https:\/\/diarioregionaldigital.com.br\/wp-content\/uploads\/2021\/01\/fotob-9-e1611631636490-300x205.jpg 300w, https:\/\/diarioregionaldigital.com.br\/wp-content\/uploads\/2021\/01\/fotob-9-e1611631636490-768x526.jpg 768w, https:\/\/diarioregionaldigital.com.br\/wp-content\/uploads\/2021\/01\/fotob-9-e1611631636490-360x246.jpg 360w, https:\/\/diarioregionaldigital.com.br\/wp-content\/uploads\/2021\/01\/fotob-9-e1611631636490-100x70.jpg 100w\" sizes=\"auto, (max-width: 680px) 100vw, 680px\" \/><p id=\"caption-attachment-176707\" class=\"wp-caption-text\">Mulheres do mil\u00eanio na noite da OAB\/JF: Anna Ede e Lindalva Carvalho Armond<\/p><\/div>\n<div id=\"attachment_176708\" style=\"width: 690px\" class=\"wp-caption aligncenter\"><img loading=\"lazy\" decoding=\"async\" aria-describedby=\"caption-attachment-176708\" class=\"wp-image-176708\" src=\"https:\/\/diarioregionaldigital.com.br\/wp-content\/uploads\/2021\/01\/fotoc-11-e1611631679725.jpg\" alt=\"\" width=\"680\" height=\"488\" srcset=\"https:\/\/diarioregionaldigital.com.br\/wp-content\/uploads\/2021\/01\/fotoc-11-e1611631679725.jpg 484w, https:\/\/diarioregionaldigital.com.br\/wp-content\/uploads\/2021\/01\/fotoc-11-e1611631679725-300x215.jpg 300w, https:\/\/diarioregionaldigital.com.br\/wp-content\/uploads\/2021\/01\/fotoc-11-e1611631679725-360x258.jpg 360w\" sizes=\"auto, (max-width: 680px) 100vw, 680px\" \/><p id=\"caption-attachment-176708\" class=\"wp-caption-text\">Visitando esta coluna social os queridos Ricardo Miana e Adriana Zaiden Miana<\/p><\/div>\n<div id=\"attachment_176706\" style=\"width: 690px\" class=\"wp-caption aligncenter\"><img loading=\"lazy\" decoding=\"async\" aria-describedby=\"caption-attachment-176706\" class=\"wp-image-176706\" src=\"https:\/\/diarioregionaldigital.com.br\/wp-content\/uploads\/2021\/01\/fotoaa-3-e1611631595887.jpeg\" alt=\"\" width=\"680\" height=\"742\" srcset=\"https:\/\/diarioregionaldigital.com.br\/wp-content\/uploads\/2021\/01\/fotoaa-3-e1611631595887.jpeg 707w, https:\/\/diarioregionaldigital.com.br\/wp-content\/uploads\/2021\/01\/fotoaa-3-e1611631595887-275x300.jpeg 275w, https:\/\/diarioregionaldigital.com.br\/wp-content\/uploads\/2021\/01\/fotoaa-3-e1611631595887-360x393.jpeg 360w\" sizes=\"auto, (max-width: 680px) 100vw, 680px\" \/><p id=\"caption-attachment-176706\" class=\"wp-caption-text\">As bonitas Cristina Elizabeth e a filha Fabiana Baldioti (aniversariante de destaque da semana)<\/p><\/div>\n<div id=\"attachment_176709\" style=\"width: 690px\" class=\"wp-caption aligncenter\"><img loading=\"lazy\" decoding=\"async\" aria-describedby=\"caption-attachment-176709\" class=\"wp-image-176709\" src=\"https:\/\/diarioregionaldigital.com.br\/wp-content\/uploads\/2021\/01\/fotod-12-e1611631738543.jpg\" alt=\"\" width=\"680\" height=\"478\" srcset=\"https:\/\/diarioregionaldigital.com.br\/wp-content\/uploads\/2021\/01\/fotod-12-e1611631738543.jpg 620w, https:\/\/diarioregionaldigital.com.br\/wp-content\/uploads\/2021\/01\/fotod-12-e1611631738543-300x210.jpg 300w, https:\/\/diarioregionaldigital.com.br\/wp-content\/uploads\/2021\/01\/fotod-12-e1611631738543-360x253.jpg 360w, https:\/\/diarioregionaldigital.com.br\/wp-content\/uploads\/2021\/01\/fotod-12-e1611631738543-100x70.jpg 100w\" sizes=\"auto, (max-width: 680px) 100vw, 680px\" \/><p id=\"caption-attachment-176709\" class=\"wp-caption-text\">Os conceituados odont\u00f3logos e irm\u00e3os Mauro Cruz e Val\u00e9ria Cruz em noite de festa antes da pandemia<\/p><\/div>\n<div id=\"attachment_176710\" style=\"width: 690px\" class=\"wp-caption aligncenter\"><img loading=\"lazy\" decoding=\"async\" aria-describedby=\"caption-attachment-176710\" class=\"wp-image-176710\" src=\"https:\/\/diarioregionaldigital.com.br\/wp-content\/uploads\/2021\/01\/fotoe-10-e1611631830944.jpg\" alt=\"\" width=\"680\" height=\"536\" srcset=\"https:\/\/diarioregionaldigital.com.br\/wp-content\/uploads\/2021\/01\/fotoe-10-e1611631830944.jpg 636w, https:\/\/diarioregionaldigital.com.br\/wp-content\/uploads\/2021\/01\/fotoe-10-e1611631830944-300x236.jpg 300w, https:\/\/diarioregionaldigital.com.br\/wp-content\/uploads\/2021\/01\/fotoe-10-e1611631830944-360x284.jpg 360w\" sizes=\"auto, (max-width: 680px) 100vw, 680px\" \/><p id=\"caption-attachment-176710\" class=\"wp-caption-text\">Amigos em sintonia: Jos\u00e9 Godeiro e Clarisse Pinheiro<\/p><\/div>\n<div id=\"attachment_176711\" style=\"width: 690px\" class=\"wp-caption aligncenter\"><img loading=\"lazy\" decoding=\"async\" aria-describedby=\"caption-attachment-176711\" class=\"wp-image-176711\" src=\"https:\/\/diarioregionaldigital.com.br\/wp-content\/uploads\/2021\/01\/fotof-13-e1611631873527.jpg\" alt=\"\" width=\"680\" height=\"495\" srcset=\"https:\/\/diarioregionaldigital.com.br\/wp-content\/uploads\/2021\/01\/fotof-13-e1611631873527.jpg 540w, https:\/\/diarioregionaldigital.com.br\/wp-content\/uploads\/2021\/01\/fotof-13-e1611631873527-300x218.jpg 300w, https:\/\/diarioregionaldigital.com.br\/wp-content\/uploads\/2021\/01\/fotof-13-e1611631873527-360x262.jpg 360w\" sizes=\"auto, (max-width: 680px) 100vw, 680px\" \/><p id=\"caption-attachment-176711\" class=\"wp-caption-text\">Os cariocas Jeycow Ferraz e a elegante Fl\u00e1via Lyra (aniversariando), reinando no Ibiza Lounge Bar no Rio de Janeiro<\/p><\/div>\n<div id=\"attachment_176712\" style=\"width: 690px\" class=\"wp-caption aligncenter\"><img loading=\"lazy\" decoding=\"async\" aria-describedby=\"caption-attachment-176712\" class=\"wp-image-176712\" src=\"https:\/\/diarioregionaldigital.com.br\/wp-content\/uploads\/2021\/01\/fotog-11-e1611631919472.jpg\" alt=\"\" width=\"680\" height=\"469\" srcset=\"https:\/\/diarioregionaldigital.com.br\/wp-content\/uploads\/2021\/01\/fotog-11-e1611631919472.jpg 728w, https:\/\/diarioregionaldigital.com.br\/wp-content\/uploads\/2021\/01\/fotog-11-e1611631919472-300x207.jpg 300w, https:\/\/diarioregionaldigital.com.br\/wp-content\/uploads\/2021\/01\/fotog-11-e1611631919472-360x248.jpg 360w, https:\/\/diarioregionaldigital.com.br\/wp-content\/uploads\/2021\/01\/fotog-11-e1611631919472-100x70.jpg 100w\" sizes=\"auto, (max-width: 680px) 100vw, 680px\" \/><p id=\"caption-attachment-176712\" class=\"wp-caption-text\">Antes da pandemia no Restaurante Salvaterra do Alto dos Passos: J\u00falio Ara\u00fajo e Lilian Ribeiro dos Santos<\/p><\/div>\n<div id=\"attachment_176713\" style=\"width: 690px\" class=\"wp-caption aligncenter\"><img loading=\"lazy\" decoding=\"async\" aria-describedby=\"caption-attachment-176713\" class=\"wp-image-176713\" src=\"https:\/\/diarioregionaldigital.com.br\/wp-content\/uploads\/2021\/01\/fotoh-1-e1611631964701.jpeg\" alt=\"\" width=\"680\" height=\"488\" srcset=\"https:\/\/diarioregionaldigital.com.br\/wp-content\/uploads\/2021\/01\/fotoh-1-e1611631964701.jpeg 1013w, https:\/\/diarioregionaldigital.com.br\/wp-content\/uploads\/2021\/01\/fotoh-1-e1611631964701-300x215.jpeg 300w, https:\/\/diarioregionaldigital.com.br\/wp-content\/uploads\/2021\/01\/fotoh-1-e1611631964701-768x551.jpeg 768w, https:\/\/diarioregionaldigital.com.br\/wp-content\/uploads\/2021\/01\/fotoh-1-e1611631964701-360x258.jpeg 360w\" sizes=\"auto, (max-width: 680px) 100vw, 680px\" \/><p id=\"caption-attachment-176713\" class=\"wp-caption-text\">A bondosa D\u00aa Eunise Afonso Veras festejou em Juiz de Fora seu aniversario ladeada de Mazuquieli Afonso Veras, Erika Beire, Ana Elisa e Aysla Lovisi<\/p><\/div>\n<p style=\"text-align: center;\"><strong>FOTOSS\u00cdNTESE<\/strong><\/p>\n<p>Aten\u00e7\u00e3o: As fotos que sai nesta coluna muitas foram clicadas antes da pandemia. As atuais, as pessoas s\u00f3 tiram a m\u00e1scara para fotografar. Recado dado.<\/p>\n<p>Os impactos da pandemia e o alto valor dos alugu\u00e9is est\u00e3o contribuindo para o fechamento de lojas tradicionais de Juiz de Fora.<\/p>\n<p>A bel\u00edssima juiz-forana Nat\u00e1lia Guimar\u00e3es (ex-Miss Brasil e segundo lugar no Miss Universo 2007), vai comandar a terceira edi\u00e7\u00e3o do programa \u201cDuelo de Sal\u00e3o\u201d. O reality vai selecionar o melhor cabelereiro do Brasil.<\/p>\n<p>De efeito positivo, a Faculdade Ensin. E e o Apogeu se uniram para criar, no Telegram um canal dispon\u00edvel de revisionais do Enem. \u00d3tima ideia.<br \/>\nFormando um dos mais queridos casais de nossa melhor sociedade, Vera Burnier Ganimi e Alber Ganimi comemoraram 65 anos de feliz uni\u00e3o.<\/p>\n<p>Com apenas 20 anos , o cantor Felipe Juan brilha com duas m\u00fasicas autorais bem sucedidas no YouTube e agora lan\u00e7a vers\u00f5es de Claudinho e Buchecha, Mc Marcinho e Mc Sabrina. O forte dele \u00e9 o funk.<\/p>\n<p>As doceiras Leticia Carvalho, Nicole Carvalho e Ana Claudia Carvalho da confeitaria Doce Terapia fazem sucesso com o deliciosos alfajor feito de biscoito e duas camadas de doce de leite.<\/p>\n<p>Em ritmo de expans\u00e3o, o grupo Bahamas inaugurou a 64\u00ba loja de rede, na rua. Benjamin Constant, 539, no Centro. A loja com bandeiras Express \u00e9 a 4\u00aa unidade deste tipo em Juiz de Fora.<\/p>\n<p>Assumindo o comando do 2\u00aa Batalh\u00e3o da PMMG, o din\u00e2mico tenente coronel Henrique Chaves Aleixo. A unidade fica no bairro Santa Terezinha. O batalh\u00e3o e respons\u00e1vel pelo policiamento no Centro e nas regi\u00f5es Leste, Nordeste e Sudeste de Juiz de Fora e outras 12 cidades da regi\u00e3o.<\/p>\n<p>Conservador: Tem gente caminhando a\u00ed para a evolu\u00e7\u00e3o dos carros el\u00e9tricos, enquanto tem uns e outros que adora um cheiro de combust\u00edvel. Bom dia.<\/p>\n<p><img loading=\"lazy\" decoding=\"async\" class=\"aligncenter size-full wp-image-176735\" src=\"https:\/\/diarioregionaldigital.com.br\/wp-content\/uploads\/2021\/01\/anuncio57-scaled.jpg\" alt=\"\" width=\"2560\" height=\"960\" srcset=\"https:\/\/diarioregionaldigital.com.br\/wp-content\/uploads\/2021\/01\/anuncio57-scaled.jpg 2560w, https:\/\/diarioregionaldigital.com.br\/wp-content\/uploads\/2021\/01\/anuncio57-300x113.jpg 300w, https:\/\/diarioregionaldigital.com.br\/wp-content\/uploads\/2021\/01\/anuncio57-1024x384.jpg 1024w, https:\/\/diarioregionaldigital.com.br\/wp-content\/uploads\/2021\/01\/anuncio57-768x288.jpg 768w, https:\/\/diarioregionaldigital.com.br\/wp-content\/uploads\/2021\/01\/anuncio57-1536x576.jpg 1536w, https:\/\/diarioregionaldigital.com.br\/wp-content\/uploads\/2021\/01\/anuncio57-2048x768.jpg 2048w, https:\/\/diarioregionaldigital.com.br\/wp-content\/uploads\/2021\/01\/anuncio57-360x135.jpg 360w\" sizes=\"auto, (max-width: 2560px) 100vw, 2560px\" \/><\/p>\n","protected":false},"excerpt":{"rendered":"<p>Decora\u00e7\u00e3o Com luxo simples a cadeira Zig Zag \u00e9 a novidade do criador Fernando Jaeger. Feita em a\u00e7o carbono e acabamento resistente \u00e0 \u00e1gua, ela vem com op\u00e7\u00f5es de cores tanta na estrutura quanto nas almofadas. Vendas: (21) 98558-1473, pre\u00e7o R$ 1.220. Ser Org\u00e2nico No meio da pandemia surgiu a Naveia e a Nude, lan\u00e7ada [&hellip;]<\/p>\n","protected":false},"author":96,"featured_media":176705,"comment_status":"closed","ping_status":"closed","sticky":false,"template":"","format":"standard","meta":{"footnotes":""},"categories":[264],"tags":[],"class_list":["post-176736","post","type-post","status-publish","format-standard","has-post-thumbnail","hentry","category-eduardo-gomes"],"_links":{"self":[{"href":"https:\/\/diarioregionaldigital.com.br\/index.php?rest_route=\/wp\/v2\/posts\/176736","targetHints":{"allow":["GET"]}}],"collection":[{"href":"https:\/\/diarioregionaldigital.com.br\/index.php?rest_route=\/wp\/v2\/posts"}],"about":[{"href":"https:\/\/diarioregionaldigital.com.br\/index.php?rest_route=\/wp\/v2\/types\/post"}],"author":[{"embeddable":true,"href":"https:\/\/diarioregionaldigital.com.br\/index.php?rest_route=\/wp\/v2\/users\/96"}],"replies":[{"embeddable":true,"href":"https:\/\/diarioregionaldigital.com.br\/index.php?rest_route=%2Fwp%2Fv2%2Fcomments&post=176736"}],"version-history":[{"count":0,"href":"https:\/\/diarioregionaldigital.com.br\/index.php?rest_route=\/wp\/v2\/posts\/176736\/revisions"}],"wp:featuredmedia":[{"embeddable":true,"href":"https:\/\/diarioregionaldigital.com.br\/index.php?rest_route=\/wp\/v2\/media\/176705"}],"wp:attachment":[{"href":"https:\/\/diarioregionaldigital.com.br\/index.php?rest_route=%2Fwp%2Fv2%2Fmedia&parent=176736"}],"wp:term":[{"taxonomy":"category","embeddable":true,"href":"https:\/\/diarioregionaldigital.com.br\/index.php?rest_route=%2Fwp%2Fv2%2Fcategories&post=176736"},{"taxonomy":"post_tag","embeddable":true,"href":"https:\/\/diarioregionaldigital.com.br\/index.php?rest_route=%2Fwp%2Fv2%2Ftags&post=176736"}],"curies":[{"name":"wp","href":"https:\/\/api.w.org\/{rel}","templated":true}]}}