{"id":176732,"date":"2021-01-25T20:11:58","date_gmt":"2021-01-25T23:11:58","guid":{"rendered":"https:\/\/diarioregionaldigital.com.br\/?p=176732"},"modified":"2021-01-25T20:11:58","modified_gmt":"2021-01-25T23:11:58","slug":"mais-de-24-mil-beneficiarios-da-rede-municipal-de-ensino-receberao-o-kit-alimentacao","status":"publish","type":"post","link":"https:\/\/diarioregionaldigital.com.br\/?p=176732","title":{"rendered":"Mais de 24 mil benefici\u00e1rios da rede municipal de ensino receber\u00e3o o Kit Alimenta\u00e7\u00e3o"},"content":{"rendered":"<p>A partir desta segunda-feira, 25, as escolas municipais e creches parceiras da Prefeitura de Juiz de Fora (PJF) come\u00e7aram a receber os kits alimenta\u00e7\u00e3o que ser\u00e3o distribu\u00eddos \u00e0s fam\u00edlias que realizaram o cadastro. De acordo com a Secretaria de Educa\u00e7\u00e3o (SE), mais de 24 mil crian\u00e7as, jovens e adultos foram cadastradas para o recebimento.<\/p>\n<p>De acordo com a supervisora de Nutri\u00e7\u00e3o e Alimenta\u00e7\u00e3o Escolar, M\u00f4nica Silveira Cacilhas, o kit segue par\u00e2metros nutricionais. &#8220;Os alimentos contidos no kit s\u00e3o destinados para o preparo de refei\u00e7\u00f5es de cada aluno matriculado na rede municipal. As quantidades de cada item foram calculadas para atender as necessidades nutricionais de um m\u00eas (22 dias letivos) de um estudante de acordo com sua faixa et\u00e1ria e modalidade escolar (per\u00edodo parcial, uma refei\u00e7\u00e3o, ou, integral, quatro refei\u00e7\u00f5es). Por isso, al\u00e9m dos alimentos estoc\u00e1veis, o kit cont\u00e9m alimentos perec\u00edveis, como legumes e frutas&#8221;.<\/p>\n<p>Ap\u00f3s a entrega nas escolas, a dire\u00e7\u00e3o das institui\u00e7\u00f5es entrar\u00e1 em contato com as fam\u00edlias para agendar data e hor\u00e1rio da distribui\u00e7\u00e3o, evitando aglomera\u00e7\u00f5es nos espa\u00e7os.<\/p>\n<p>De acordo com a gerente do Departamento de Inclus\u00e3o e Aten\u00e7\u00e3o ao Educando da Secretaria de Educa\u00e7\u00e3o, Ana Paula Xavier, &#8220;montamos uma grande for\u00e7a-tarefa para a distribui\u00e7\u00e3o, com o apoio da Secretaria de Agricultura, Pecu\u00e1ria e Abastecimento (Seapa), cozinheiras, motoristas, ajudantes de servi\u00e7os gerais. Al\u00e9m disso, contamos com a colabora\u00e7\u00e3o e esfor\u00e7o dos gestores e professores das escolas que nos auxiliaram neste processo&#8221;.<\/p>\n<p>O kit tem recursos do Programa Nacional de Alimenta\u00e7\u00e3o Escolar (PNAE) do Fundo Nacional de Desenvolvimento da Educa\u00e7\u00e3o (FNDE), referentes ao exerc\u00edcio 2020.<\/p>\n<p>A iniciativa comp\u00f5e o programa de combate \u00e0 fome, uma das diretrizes da atual gest\u00e3o, que visa universalizar o atendimento, correspondendo tamb\u00e9m \u00e0s diretrizes da Organiza\u00e7\u00e3o das Na\u00e7\u00f5es Unidas (ONU).<\/p>\n<p><strong>Fonte:\u00a0<\/strong>Assessoria<\/p>\n","protected":false},"excerpt":{"rendered":"<p>A partir desta segunda-feira, 25, as escolas municipais e creches parceiras da Prefeitura de Juiz de Fora (PJF) come\u00e7aram a receber os kits alimenta\u00e7\u00e3o que ser\u00e3o distribu\u00eddos \u00e0s fam\u00edlias que realizaram o cadastro. De acordo com a Secretaria de Educa\u00e7\u00e3o (SE), mais de 24 mil crian\u00e7as, jovens e adultos foram cadastradas para o recebimento. De [&hellip;]<\/p>\n","protected":false},"author":96,"featured_media":176733,"comment_status":"closed","ping_status":"closed","sticky":false,"template":"","format":"standard","meta":{"footnotes":""},"categories":[253,436,439],"tags":[],"class_list":["post-176732","post","type-post","status-publish","format-standard","has-post-thumbnail","hentry","category-cidade","category-destaque-da-semana","category-ultima-hora"],"_links":{"self":[{"href":"https:\/\/diarioregionaldigital.com.br\/index.php?rest_route=\/wp\/v2\/posts\/176732","targetHints":{"allow":["GET"]}}],"collection":[{"href":"https:\/\/diarioregionaldigital.com.br\/index.php?rest_route=\/wp\/v2\/posts"}],"about":[{"href":"https:\/\/diarioregionaldigital.com.br\/index.php?rest_route=\/wp\/v2\/types\/post"}],"author":[{"embeddable":true,"href":"https:\/\/diarioregionaldigital.com.br\/index.php?rest_route=\/wp\/v2\/users\/96"}],"replies":[{"embeddable":true,"href":"https:\/\/diarioregionaldigital.com.br\/index.php?rest_route=%2Fwp%2Fv2%2Fcomments&post=176732"}],"version-history":[{"count":0,"href":"https:\/\/diarioregionaldigital.com.br\/index.php?rest_route=\/wp\/v2\/posts\/176732\/revisions"}],"wp:featuredmedia":[{"embeddable":true,"href":"https:\/\/diarioregionaldigital.com.br\/index.php?rest_route=\/wp\/v2\/media\/176733"}],"wp:attachment":[{"href":"https:\/\/diarioregionaldigital.com.br\/index.php?rest_route=%2Fwp%2Fv2%2Fmedia&parent=176732"}],"wp:term":[{"taxonomy":"category","embeddable":true,"href":"https:\/\/diarioregionaldigital.com.br\/index.php?rest_route=%2Fwp%2Fv2%2Fcategories&post=176732"},{"taxonomy":"post_tag","embeddable":true,"href":"https:\/\/diarioregionaldigital.com.br\/index.php?rest_route=%2Fwp%2Fv2%2Ftags&post=176732"}],"curies":[{"name":"wp","href":"https:\/\/api.w.org\/{rel}","templated":true}]}}