{"id":176728,"date":"2021-01-25T20:10:52","date_gmt":"2021-01-25T23:10:52","guid":{"rendered":"https:\/\/diarioregionaldigital.com.br\/?p=176728"},"modified":"2021-01-25T20:10:52","modified_gmt":"2021-01-25T23:10:52","slug":"segunda-etapa-do-cadastro-de-creches-e-prorrogada","status":"publish","type":"post","link":"https:\/\/diarioregionaldigital.com.br\/?p=176728","title":{"rendered":"Segunda etapa do cadastro de creches \u00e9 prorrogada"},"content":{"rendered":"<p>A Secretaria de Educa\u00e7\u00e3o (SE) da Prefeitura de Juiz de Fora (PJF) informa que a segunda etapa do Cadastro de Creches 2021, que consiste no agendamento para entrega de documentos, ser\u00e1 prorrogada para o m\u00eas de fevereiro. A medida foi elaborada para um melhor atendimento aos usu\u00e1rios, respeitando as normas de seguran\u00e7a de enfrentamento \u00e0 Covid-19.<\/p>\n<p>A partir de agora, o n\u00famero de marca\u00e7\u00f5es ser\u00e1 mais restrito para o atendimento. Em decorr\u00eancia dessa prorroga\u00e7\u00e3o, o resultado do cadastro, marcado inicialmente para o dia 31 de janeiro, ser\u00e1 adiado para o m\u00eas de mar\u00e7o.<\/p>\n<p><strong>Fonte:\u00a0<\/strong>Assessoria<\/p>\n","protected":false},"excerpt":{"rendered":"<p>A Secretaria de Educa\u00e7\u00e3o (SE) da Prefeitura de Juiz de Fora (PJF) informa que a segunda etapa do Cadastro de Creches 2021, que consiste no agendamento para entrega de documentos, ser\u00e1 prorrogada para o m\u00eas de fevereiro. A medida foi elaborada para um melhor atendimento aos usu\u00e1rios, respeitando as normas de seguran\u00e7a de enfrentamento \u00e0 [&hellip;]<\/p>\n","protected":false},"author":96,"featured_media":176729,"comment_status":"closed","ping_status":"closed","sticky":false,"template":"","format":"standard","meta":{"footnotes":""},"categories":[253,436,439],"tags":[],"class_list":["post-176728","post","type-post","status-publish","format-standard","has-post-thumbnail","hentry","category-cidade","category-destaque-da-semana","category-ultima-hora"],"_links":{"self":[{"href":"https:\/\/diarioregionaldigital.com.br\/index.php?rest_route=\/wp\/v2\/posts\/176728","targetHints":{"allow":["GET"]}}],"collection":[{"href":"https:\/\/diarioregionaldigital.com.br\/index.php?rest_route=\/wp\/v2\/posts"}],"about":[{"href":"https:\/\/diarioregionaldigital.com.br\/index.php?rest_route=\/wp\/v2\/types\/post"}],"author":[{"embeddable":true,"href":"https:\/\/diarioregionaldigital.com.br\/index.php?rest_route=\/wp\/v2\/users\/96"}],"replies":[{"embeddable":true,"href":"https:\/\/diarioregionaldigital.com.br\/index.php?rest_route=%2Fwp%2Fv2%2Fcomments&post=176728"}],"version-history":[{"count":0,"href":"https:\/\/diarioregionaldigital.com.br\/index.php?rest_route=\/wp\/v2\/posts\/176728\/revisions"}],"wp:featuredmedia":[{"embeddable":true,"href":"https:\/\/diarioregionaldigital.com.br\/index.php?rest_route=\/wp\/v2\/media\/176729"}],"wp:attachment":[{"href":"https:\/\/diarioregionaldigital.com.br\/index.php?rest_route=%2Fwp%2Fv2%2Fmedia&parent=176728"}],"wp:term":[{"taxonomy":"category","embeddable":true,"href":"https:\/\/diarioregionaldigital.com.br\/index.php?rest_route=%2Fwp%2Fv2%2Fcategories&post=176728"},{"taxonomy":"post_tag","embeddable":true,"href":"https:\/\/diarioregionaldigital.com.br\/index.php?rest_route=%2Fwp%2Fv2%2Ftags&post=176728"}],"curies":[{"name":"wp","href":"https:\/\/api.w.org\/{rel}","templated":true}]}}