{"id":176722,"date":"2021-01-25T20:04:22","date_gmt":"2021-01-25T23:04:22","guid":{"rendered":"https:\/\/diarioregionaldigital.com.br\/?p=176722"},"modified":"2021-01-25T20:07:16","modified_gmt":"2021-01-25T23:07:16","slug":"juiz-de-fora-tem-mais-10-mortes-registradas-por-covid-19","status":"publish","type":"post","link":"https:\/\/diarioregionaldigital.com.br\/?p=176722","title":{"rendered":"Juiz de Fora tem mais 10 mortes registradas por Covid-19"},"content":{"rendered":"<p>O novo boletim epidemiol\u00f3gico divulgado nesta segunda-feira (25) pela Secretaria de Sa\u00fade (SS) da Prefeitura de Juiz de Fora (PJF), aponta que o munic\u00edpio contabilizou mais 10 \u00f3bitos por Coronav\u00edrus, acumulando 674 v\u00edtimas. Segundo o levantamento, foram registrados mais 63 novos casos, totalizando 16.398 pessoas infectadas e 52.911 s\u00e3o suspeitos de terem a doen\u00e7a.<\/p>\n<div class=\"g g-41\">\n<div class=\"g-dyn a-42 c-1\">\n<p><b>\u00d3bitos<\/b><\/p>\n<p>Idoso, de 71 anos, morreu nesse domingo (24). Comorbidade: Diabetes e C\u00e2ncer;<\/p>\n<p>Idoso de 67 anos, morreu nesse domingo\u00a0 Comorbidade: Diabetes, Doen\u00e7a Renal Cr\u00f4nica e Obesidade;<\/p>\n<p>Idoso de 70 anos, morreu nesse domingo. Comorbidade: Doen\u00e7a Cardiovascular Cr\u00f4nica;<\/p>\n<p>Idoso de 97 anos, morreu no \u00faltimo dia 20 de dezembro: Comorbidade: Doen\u00e7a Coron\u00e1ria Cr\u00f4nica, Hipertens\u00e3o Arterial Sist\u00eamica e Diabetes Mellitus;<\/p>\n<p>Idoso de 67 anos, morreu nesse domingo. Comorbidade: Hipertens\u00e3o e Diabetes;<\/p>\n<p>Idoso de 73 anos, morreu nesta segunda-feira. Comorbidade: Hipertens\u00e3o, c\u00e2ncer, obesidade e imunodefici\u00eancia;<\/p>\n<p>Idosa de 77 anos, morreu na sexta-feira (22). Comorbidade: Doen\u00e7a Neurol\u00f3gica Cr\u00f4nica, Hipertens\u00e3o e Diabetes;<\/p>\n<p>Jovem de 28 anos, morreu nesta segunda-feira. Comorbidade: Diabetes, Doen\u00e7a Neurol\u00f3gica Cr\u00f4nica e outra Pneumopatia Cr\u00f4nica;<\/p>\n<p>Idosa de 80 anos, morreu nesta segunda-feira. Comorbidade: Hipertens\u00e3o;<\/p>\n<p>Idoso de 60 anos, morreu na sexta-feira. Comorbidade: Hipertens\u00e3o e obesidade;<\/p>\n<p>Idoso de 82 anos, morreu nesta segunda-feira. Comorbidade: Hipertens\u00e3o e Diabetes;<\/p>\n<p><b>Leitos\u00a0<\/b><\/p>\n<p>Segundo informa\u00e7\u00f5es da PJF, 343 pessoas est\u00e3o hospitalizadas por covid-19 no munic\u00edpio. Ao todo, 144 pacientes ocupam leitos de UTI (p\u00fablico e privado) e 199 de enfermaria. A taxa de ocupa\u00e7\u00e3o dos leitos de UTI da rede p\u00fablica \u00e9 de 78,64%. J\u00e1 os leitos de UTI particulares, 82,11% est\u00e3o ocupados.<\/p>\n<\/div>\n<\/div>\n","protected":false},"excerpt":{"rendered":"<p>O novo boletim epidemiol\u00f3gico divulgado nesta segunda-feira (25) pela Secretaria de Sa\u00fade (SS) da Prefeitura de Juiz de Fora (PJF), aponta que o munic\u00edpio contabilizou mais 10 \u00f3bitos por Coronav\u00edrus, acumulando 674 v\u00edtimas. Segundo o levantamento, foram registrados mais 63 novos casos, totalizando 16.398 pessoas infectadas e 52.911 s\u00e3o suspeitos de terem a doen\u00e7a. \u00d3bitos [&hellip;]<\/p>\n","protected":false},"author":96,"featured_media":171790,"comment_status":"closed","ping_status":"closed","sticky":false,"template":"","format":"standard","meta":{"footnotes":""},"categories":[253,436,440,439],"tags":[],"class_list":["post-176722","post","type-post","status-publish","format-standard","has-post-thumbnail","hentry","category-cidade","category-destaque-da-semana","category-destaques-do-dia","category-ultima-hora"],"_links":{"self":[{"href":"https:\/\/diarioregionaldigital.com.br\/index.php?rest_route=\/wp\/v2\/posts\/176722","targetHints":{"allow":["GET"]}}],"collection":[{"href":"https:\/\/diarioregionaldigital.com.br\/index.php?rest_route=\/wp\/v2\/posts"}],"about":[{"href":"https:\/\/diarioregionaldigital.com.br\/index.php?rest_route=\/wp\/v2\/types\/post"}],"author":[{"embeddable":true,"href":"https:\/\/diarioregionaldigital.com.br\/index.php?rest_route=\/wp\/v2\/users\/96"}],"replies":[{"embeddable":true,"href":"https:\/\/diarioregionaldigital.com.br\/index.php?rest_route=%2Fwp%2Fv2%2Fcomments&post=176722"}],"version-history":[{"count":0,"href":"https:\/\/diarioregionaldigital.com.br\/index.php?rest_route=\/wp\/v2\/posts\/176722\/revisions"}],"wp:featuredmedia":[{"embeddable":true,"href":"https:\/\/diarioregionaldigital.com.br\/index.php?rest_route=\/wp\/v2\/media\/171790"}],"wp:attachment":[{"href":"https:\/\/diarioregionaldigital.com.br\/index.php?rest_route=%2Fwp%2Fv2%2Fmedia&parent=176722"}],"wp:term":[{"taxonomy":"category","embeddable":true,"href":"https:\/\/diarioregionaldigital.com.br\/index.php?rest_route=%2Fwp%2Fv2%2Fcategories&post=176722"},{"taxonomy":"post_tag","embeddable":true,"href":"https:\/\/diarioregionaldigital.com.br\/index.php?rest_route=%2Fwp%2Fv2%2Ftags&post=176722"}],"curies":[{"name":"wp","href":"https:\/\/api.w.org\/{rel}","templated":true}]}}