{"id":176704,"date":"2021-01-25T19:15:58","date_gmt":"2021-01-25T22:15:58","guid":{"rendered":"https:\/\/diarioregionaldigital.com.br\/?p=176704"},"modified":"2021-01-25T19:15:58","modified_gmt":"2021-01-25T22:15:58","slug":"bolsonaro-diz-que-insumos-da-coronavac-chegarao-nos-proximos-dias","status":"publish","type":"post","link":"https:\/\/diarioregionaldigital.com.br\/?p=176704","title":{"rendered":"Bolsonaro diz que insumos da CoronaVac chegar\u00e3o nos pr\u00f3ximos dias"},"content":{"rendered":"<p><span style=\"font-weight: 400;\">O presidente Jair Bolsonaro afirmou, na tarde desta segunda-feira (25), que os insumos necess\u00e1rios para a fabrica\u00e7\u00e3o da vacina CoronaVac est\u00e3o pr\u00f3ximos da libera\u00e7\u00e3o pela China e devem chegar ao Brasil &#8220;nos pr\u00f3ximos dias&#8221;. A informa\u00e7\u00e3o, segundo o presidente, foi repassada pela Embaixada do pa\u00eds asi\u00e1tico. <\/span><\/p>\n<p><span style=\"font-weight: 400;\">Al\u00e9m dos insumos da CoronaVac, o presidente disse que os ingredientes farmac\u00eauticos ativos (IFA) da outra vacina em uso no Brasil, a produzida pela AstraZeneca em parceria com a Universidade de Oxford, tamb\u00e9m est\u00e3o com tr\u00e2mite acelerado para que possam ser enviados da China.\u00a0<\/span><\/p>\n<p><span style=\"font-weight: 400;\">Com a chegada da mat\u00e9ria-prima das duas vacinas, tanto o Instituto Butantan quanto a Funda\u00e7\u00e3o Oswaldo Cruz poder\u00e3o produzir, envasar e rotular milh\u00f5es de doses da CoronaVac e do imunizante da AstraZeneca.\u00a0\u00a0<\/span><\/p>\n<p><span style=\"font-weight: 400;\">Tamb\u00e9m pelas redes sociais, o embaixador da China no Brasil, Yang Wanming, compartilhou a publica\u00e7\u00e3o de Bolsonaro e destacou que o seu pa\u00eds continuar\u00e1 a ajudar o Brasil no combate \u00e0 pandemia.<\/span><\/p>\n<p><span style=\"font-weight: 400;\">Nos \u00faltimos dias, em um esfor\u00e7o diplom\u00e1tico, ministros do governo se reuniram com o embaixador para tentar acelerar a libera\u00e7\u00e3o dos insumos, que tinham previs\u00e3o de entrega no in\u00edcio do m\u00eas, mas ficaram retidos no pa\u00eds asi\u00e1tico. Segundo o presidente brasileiro, na sua <\/span><i><span style=\"font-weight: 400;\">live<\/span><\/i><span style=\"font-weight: 400;\"> semanal transmitida na semana passada, o atraso no envio \u00e9 uma quest\u00e3o apenas burocr\u00e1tica da China e n\u00e3o teria vincula\u00e7\u00e3o com a rela\u00e7\u00e3o bilateral entre os pa\u00edses.\u00a0\u00a0<\/span><\/p>\n<p><span style=\"font-weight: 400;\">Segundo o ministro da Sa\u00fade, Eduardo Pazuello, a primeira remessa de insumos da China deve chegar ao Brasil at\u00e9 o final desta semana. &#8220;A previs\u00e3o de chegada dos insumos no Brasil \u00e9 at\u00e9 o final dessa semana, garantindo com isso a continuidade da fabrica\u00e7\u00e3o e distribui\u00e7\u00e3o das vacinas&#8221;, afirmou em um v\u00eddeo postado nas redes sociais pelo ministro das Comunica\u00e7\u00f5es, F\u00e1bio Faria.<\/span><\/p>\n<p><strong>Fonte:<\/strong> Ag\u00eancia Brasil<\/p>\n","protected":false},"excerpt":{"rendered":"<p>O presidente Jair Bolsonaro afirmou, na tarde desta segunda-feira (25), que os insumos necess\u00e1rios para a fabrica\u00e7\u00e3o da vacina CoronaVac est\u00e3o pr\u00f3ximos da libera\u00e7\u00e3o pela China e devem chegar ao Brasil &#8220;nos pr\u00f3ximos dias&#8221;. A informa\u00e7\u00e3o, segundo o presidente, foi repassada pela Embaixada do pa\u00eds asi\u00e1tico. Al\u00e9m dos insumos da CoronaVac, o presidente disse que [&hellip;]<\/p>\n","protected":false},"author":96,"featured_media":176714,"comment_status":"closed","ping_status":"closed","sticky":false,"template":"","format":"standard","meta":{"footnotes":""},"categories":[302,436,439],"tags":[],"class_list":["post-176704","post","type-post","status-publish","format-standard","has-post-thumbnail","hentry","category-brasil-mundo","category-destaque-da-semana","category-ultima-hora"],"_links":{"self":[{"href":"https:\/\/diarioregionaldigital.com.br\/index.php?rest_route=\/wp\/v2\/posts\/176704","targetHints":{"allow":["GET"]}}],"collection":[{"href":"https:\/\/diarioregionaldigital.com.br\/index.php?rest_route=\/wp\/v2\/posts"}],"about":[{"href":"https:\/\/diarioregionaldigital.com.br\/index.php?rest_route=\/wp\/v2\/types\/post"}],"author":[{"embeddable":true,"href":"https:\/\/diarioregionaldigital.com.br\/index.php?rest_route=\/wp\/v2\/users\/96"}],"replies":[{"embeddable":true,"href":"https:\/\/diarioregionaldigital.com.br\/index.php?rest_route=%2Fwp%2Fv2%2Fcomments&post=176704"}],"version-history":[{"count":0,"href":"https:\/\/diarioregionaldigital.com.br\/index.php?rest_route=\/wp\/v2\/posts\/176704\/revisions"}],"wp:featuredmedia":[{"embeddable":true,"href":"https:\/\/diarioregionaldigital.com.br\/index.php?rest_route=\/wp\/v2\/media\/176714"}],"wp:attachment":[{"href":"https:\/\/diarioregionaldigital.com.br\/index.php?rest_route=%2Fwp%2Fv2%2Fmedia&parent=176704"}],"wp:term":[{"taxonomy":"category","embeddable":true,"href":"https:\/\/diarioregionaldigital.com.br\/index.php?rest_route=%2Fwp%2Fv2%2Fcategories&post=176704"},{"taxonomy":"post_tag","embeddable":true,"href":"https:\/\/diarioregionaldigital.com.br\/index.php?rest_route=%2Fwp%2Fv2%2Ftags&post=176704"}],"curies":[{"name":"wp","href":"https:\/\/api.w.org\/{rel}","templated":true}]}}