{"id":176699,"date":"2021-01-25T15:32:12","date_gmt":"2021-01-25T18:32:12","guid":{"rendered":"https:\/\/diarioregionaldigital.com.br\/?p=176699"},"modified":"2021-01-25T15:32:12","modified_gmt":"2021-01-25T18:32:12","slug":"profissionais-da-regional-leste-e-do-samu-sao-imunizados","status":"publish","type":"post","link":"https:\/\/diarioregionaldigital.com.br\/?p=176699","title":{"rendered":"Profissionais da Regional Leste e do Samu s\u00e3o imunizados"},"content":{"rendered":"<p>As a\u00e7\u00f5es para a vacina\u00e7\u00e3o dos profissionais de sa\u00fade de Juiz de Fora, um dos grupos priorizados pelo Plano Nacional de Imuniza\u00e7\u00e3o (PNI) nesta primeira fase, continuaram no s\u00e1bado, 23, com o in\u00edcio da imuniza\u00e7\u00e3o dos profissionais da Rede de Urg\u00eancia e Emerg\u00eancia do munic\u00edpio. Est\u00e3o sendo atendidos os trabalhadores da Regional Leste e do Servi\u00e7o de Atendimento M\u00f3vel de Urg\u00eancia (Samu). A expectativa \u00e9 de imunizar 286 pessoas nestes dois locais.<\/p>\n<p>A secret\u00e1ria de Governo, Cidinha Louzada; a secret\u00e1ria de Sa\u00fade, Ana Pimentel; e a subsecret\u00e1ria de Urg\u00eancia e Emerg\u00eancia, Renata Prado, acompanharam as atividades.<\/p>\n<p>Segundo Ana Pimentel, os trabalhos est\u00e3o seguindo o cronograma tra\u00e7ado. \u201cCome\u00e7amos com os vacinadores, depois vacinamos os idosos em institui\u00e7\u00f5es de longa perman\u00eancia (ILPI) e os trabalhadores destes locais, e, agora, estamos iniciando as atividades nos hospitais e servi\u00e7os de urg\u00eancia e emerg\u00eancia com a vacina\u00e7\u00e3o dos profissionais que est\u00e3o na linha de frente.\u201d A secret\u00e1ria explicou ainda que nesta etapa h\u00e1 um registro de dados mais detalhado onde os dados como nome e CPF dos profissionais de sa\u00fade s\u00e3o registrados, portanto, \u201c\u00e9 necess\u00e1rio fazer a vacina\u00e7\u00e3o com muita tranquilidade\u201d, destacou.<\/p>\n<p>Cidinha Louzada fez quest\u00e3o de tranquilizar a popula\u00e7\u00e3o e os demais trabalhadores da sa\u00fade ressaltando que todos ser\u00e3o vacinados no tempo certo e de acordo com as necessidades estabelecidas.<\/p>\n<p>Na Regional Leste, Myriam Aparecida Pereira, agente de atendimento ao p\u00fablico, se emocionou ap\u00f3s a imuniza\u00e7\u00e3o. \u201cEstou muito feliz por ser uma das primeiras pessoas vacinadas. Agora podemos fazer nosso trabalho com mais tranquilidade.\u201d Outras duas trabalhadoras imunizadas foram Adriana Cordeiro Manso, enfermeira, e Cristiane Raquel Costa Coelho, auxiliar de enfermagem.<br \/>\nApenas nos primeiros dias do ano, a Regional Leste atendeu a 303 casos de pacientes com s\u00edndrome respirat\u00f3ria, sendo que 47 precisaram ser internados em enfermaria e quadro em unidade de tratamento intensivo (UTI). Casos de Covid-19 confirmados foram 27, sendo que dois servidores foram contaminados.<\/p>\n<p>J\u00e1 no Samu, a expectativa \u00e9 vacinar os socorristas em dois dias, conforme explicou a subsecret\u00e1ria de Urg\u00eancia e Emerg\u00eancia, Renata Prado. \u201cOs profissionais que estavam de plant\u00e3o ficaram aguardando para serem vacinados e quem estava de folga foi convocado, assim, vamos imunizar 70 profissionais e finalizamos com quem est\u00e1 de plant\u00e3o neste s\u00e1bado\u201d.<\/p>\n<p>At\u00e9 o momento, a cidade j\u00e1 imunizou mais de 1.586 pessoas. Os dados consolidados da vacina\u00e7\u00e3o no munic\u00edpio s\u00e3o divulgados no final da tarde, mas a expectativa \u00e9 imunizar mais de 400 profissionais neste s\u00e1bado.<\/p>\n<p><strong>Fonte:\u00a0<\/strong>Assessoria<\/p>\n","protected":false},"excerpt":{"rendered":"<p>As a\u00e7\u00f5es para a vacina\u00e7\u00e3o dos profissionais de sa\u00fade de Juiz de Fora, um dos grupos priorizados pelo Plano Nacional de Imuniza\u00e7\u00e3o (PNI) nesta primeira fase, continuaram no s\u00e1bado, 23, com o in\u00edcio da imuniza\u00e7\u00e3o dos profissionais da Rede de Urg\u00eancia e Emerg\u00eancia do munic\u00edpio. Est\u00e3o sendo atendidos os trabalhadores da Regional Leste e do [&hellip;]<\/p>\n","protected":false},"author":96,"featured_media":176622,"comment_status":"closed","ping_status":"closed","sticky":false,"template":"","format":"standard","meta":{"footnotes":""},"categories":[253,436,440,439],"tags":[],"class_list":["post-176699","post","type-post","status-publish","format-standard","has-post-thumbnail","hentry","category-cidade","category-destaque-da-semana","category-destaques-do-dia","category-ultima-hora"],"_links":{"self":[{"href":"https:\/\/diarioregionaldigital.com.br\/index.php?rest_route=\/wp\/v2\/posts\/176699","targetHints":{"allow":["GET"]}}],"collection":[{"href":"https:\/\/diarioregionaldigital.com.br\/index.php?rest_route=\/wp\/v2\/posts"}],"about":[{"href":"https:\/\/diarioregionaldigital.com.br\/index.php?rest_route=\/wp\/v2\/types\/post"}],"author":[{"embeddable":true,"href":"https:\/\/diarioregionaldigital.com.br\/index.php?rest_route=\/wp\/v2\/users\/96"}],"replies":[{"embeddable":true,"href":"https:\/\/diarioregionaldigital.com.br\/index.php?rest_route=%2Fwp%2Fv2%2Fcomments&post=176699"}],"version-history":[{"count":0,"href":"https:\/\/diarioregionaldigital.com.br\/index.php?rest_route=\/wp\/v2\/posts\/176699\/revisions"}],"wp:featuredmedia":[{"embeddable":true,"href":"https:\/\/diarioregionaldigital.com.br\/index.php?rest_route=\/wp\/v2\/media\/176622"}],"wp:attachment":[{"href":"https:\/\/diarioregionaldigital.com.br\/index.php?rest_route=%2Fwp%2Fv2%2Fmedia&parent=176699"}],"wp:term":[{"taxonomy":"category","embeddable":true,"href":"https:\/\/diarioregionaldigital.com.br\/index.php?rest_route=%2Fwp%2Fv2%2Fcategories&post=176699"},{"taxonomy":"post_tag","embeddable":true,"href":"https:\/\/diarioregionaldigital.com.br\/index.php?rest_route=%2Fwp%2Fv2%2Ftags&post=176699"}],"curies":[{"name":"wp","href":"https:\/\/api.w.org\/{rel}","templated":true}]}}